{"id":2210,"date":"2014-08-17T12:20:15","date_gmt":"2014-08-17T12:20:15","guid":{"rendered":"http:\/\/www.obispadorqta.org.ar\/v3\/?p=2210"},"modified":"2023-01-05T09:59:51","modified_gmt":"2023-01-05T12:59:51","slug":"julio-cesar-altamiranda","status":"publish","type":"post","link":"https:\/\/www.obispadorqta.org.ar\/v3\/julio-cesar-altamiranda\/","title":{"rendered":"Julio C\u00e9sar Altamiranda (06\/10\/1956 &#8211; 23\/01\/2022)"},"content":{"rendered":"<p style=\"line-height: 200%;\"><strong><u>Datos personales:<\/u><\/strong><br \/>\nNaci\u00f3 el 06 de octubre de 1956, en Capital Federal, Provincia de Buenos Aires.<\/p>\n<p style=\"line-height: 200%;\"><strong><u>Estudios realizados y formaci\u00f3n recibida:<\/u><\/strong><br \/>\nRecibi\u00f3 el Sacramento del Orden Sagrado del Diaconado Permanente el 17 de agosto de 2014.<\/p>\n<p><strong><u>Oficio Pastoral Actual:<\/u><\/strong><\/p>\n<p>\u2022 Di\u00e1cono Permanente adscripto a la parroquia \u201cInmaculada Concepci\u00f3n\u201d de Villa Ocampo.<\/p>\n<p><strong><u>Asesor\u00edas:<\/u><\/strong><\/p>\n<p>\u2022<\/p>\n<p><strong><u>Domicilio:<\/u><\/strong>\u00a0Av. Tivaldo N\u00ba 1510, Villa Ocampo, Santa Fe.<\/p>\n<p><strong><u>Tel\u00e9fono:<\/u><\/strong>\u00a0 (03482) 466270<\/p>\n","protected":false},"excerpt":{"rendered":"<div class=\"mh-excerpt\"><p>Datos personales: Naci\u00f3 el 06 de octubre de 1956, en Capital Federal, Provincia de Buenos Aires. Estudios realizados y formaci\u00f3n recibida: Recibi\u00f3 el Sacramento del <a class=\"mh-excerpt-more\" href=\"https:\/\/www.obispadorqta.org.ar\/v3\/julio-cesar-altamiranda\/\" title=\"Julio C\u00e9sar Altamiranda (06\/10\/1956 &#8211; 23\/01\/2022)\">[&#8230;]<\/a><\/p>\n<\/div>","protected":false},"author":2,"featured_media":2216,"comment_status":"closed","ping_status":"open","sticky":false,"template":"","format":"standard","meta":{"footnotes":""},"categories":[83],"tags":[],"class_list":["post-2210","post","type-post","status-publish","format-standard","has-post-thumbnail","hentry","category-diaconospermanentes"],"_links":{"self":[{"href":"https:\/\/www.obispadorqta.org.ar\/v3\/wp-json\/wp\/v2\/posts\/2210","targetHints":{"allow":["GET"]}}],"collection":[{"href":"https:\/\/www.obispadorqta.org.ar\/v3\/wp-json\/wp\/v2\/posts"}],"about":[{"href":"https:\/\/www.obispadorqta.org.ar\/v3\/wp-json\/wp\/v2\/types\/post"}],"author":[{"embeddable":true,"href":"https:\/\/www.obispadorqta.org.ar\/v3\/wp-json\/wp\/v2\/users\/2"}],"replies":[{"embeddable":true,"href":"https:\/\/www.obispadorqta.org.ar\/v3\/wp-json\/wp\/v2\/comments?post=2210"}],"version-history":[{"count":3,"href":"https:\/\/www.obispadorqta.org.ar\/v3\/wp-json\/wp\/v2\/posts\/2210\/revisions"}],"predecessor-version":[{"id":8426,"href":"https:\/\/www.obispadorqta.org.ar\/v3\/wp-json\/wp\/v2\/posts\/2210\/revisions\/8426"}],"wp:featuredmedia":[{"embeddable":true,"href":"https:\/\/www.obispadorqta.org.ar\/v3\/wp-json\/wp\/v2\/media\/2216"}],"wp:attachment":[{"href":"https:\/\/www.obispadorqta.org.ar\/v3\/wp-json\/wp\/v2\/media?parent=2210"}],"wp:term":[{"taxonomy":"category","embeddable":true,"href":"https:\/\/www.obispadorqta.org.ar\/v3\/wp-json\/wp\/v2\/categories?post=2210"},{"taxonomy":"post_tag","embeddable":true,"href":"https:\/\/www.obispadorqta.org.ar\/v3\/wp-json\/wp\/v2\/tags?post=2210"}],"curies":[{"name":"wp","href":"https:\/\/api.w.org\/{rel}","templated":true}]}}