{"id":2218,"date":"2014-09-20T13:13:14","date_gmt":"2014-09-20T13:13:14","guid":{"rendered":"http:\/\/www.obispadorqta.org.ar\/v3\/?p=2218"},"modified":"2021-09-23T10:55:24","modified_gmt":"2021-09-23T13:55:24","slug":"aldo-ruben-bais","status":"publish","type":"post","link":"https:\/\/www.obispadorqta.org.ar\/v3\/aldo-ruben-bais\/","title":{"rendered":"Aldo Rub\u00e9n Bais"},"content":{"rendered":"<p style=\"line-height: 200%;\"><strong><u>Datos personales:<\/u><\/strong><br \/>\nNaci\u00f3 el 20 de septiembre de 1965, en Reconquista, Provincia de Santa Fe.<\/p>\n<p style=\"line-height: 200%;\"><strong><u>Estudios realizados y formaci\u00f3n recibida:<\/u><\/strong><br \/>\nRecibi\u00f3 el Sacramento del Orden Sagrado del Diaconado Permanente el 29 de junio de 2014.<\/p>\n<p><strong><u>Oficio Pastoral Actual:<\/u><\/strong><\/p>\n<p>\u2022 Di\u00e1cono Permanente adscripto a la parroquia \u201cSan Roque\u201d de Reconquista.<\/p>\n<p><strong><u>Asesor\u00edas:<\/u><\/strong><\/p>\n<p>\u2022<\/p>\n<p><strong><u>Domicilio:<\/u><\/strong> Jesusa T. de Chapero y calle 43, Reconquista, Santa Fe.<\/p>\n<p><strong><u>Tel\u00e9fono:<\/u><\/strong>\u00a0 (03482) 430500<\/p>\n","protected":false},"excerpt":{"rendered":"<div class=\"mh-excerpt\"><p>Datos personales: Naci\u00f3 el 20 de septiembre de 1965, en Reconquista, Provincia de Santa Fe. Estudios realizados y formaci\u00f3n recibida: Recibi\u00f3 el Sacramento del Orden <a class=\"mh-excerpt-more\" href=\"https:\/\/www.obispadorqta.org.ar\/v3\/aldo-ruben-bais\/\" title=\"Aldo Rub\u00e9n Bais\">[&#8230;]<\/a><\/p>\n<\/div>","protected":false},"author":2,"featured_media":2220,"comment_status":"closed","ping_status":"open","sticky":false,"template":"","format":"standard","meta":{"footnotes":""},"categories":[83],"tags":[],"class_list":["post-2218","post","type-post","status-publish","format-standard","has-post-thumbnail","hentry","category-diaconospermanentes"],"_links":{"self":[{"href":"https:\/\/www.obispadorqta.org.ar\/v3\/wp-json\/wp\/v2\/posts\/2218","targetHints":{"allow":["GET"]}}],"collection":[{"href":"https:\/\/www.obispadorqta.org.ar\/v3\/wp-json\/wp\/v2\/posts"}],"about":[{"href":"https:\/\/www.obispadorqta.org.ar\/v3\/wp-json\/wp\/v2\/types\/post"}],"author":[{"embeddable":true,"href":"https:\/\/www.obispadorqta.org.ar\/v3\/wp-json\/wp\/v2\/users\/2"}],"replies":[{"embeddable":true,"href":"https:\/\/www.obispadorqta.org.ar\/v3\/wp-json\/wp\/v2\/comments?post=2218"}],"version-history":[{"count":2,"href":"https:\/\/www.obispadorqta.org.ar\/v3\/wp-json\/wp\/v2\/posts\/2218\/revisions"}],"predecessor-version":[{"id":6938,"href":"https:\/\/www.obispadorqta.org.ar\/v3\/wp-json\/wp\/v2\/posts\/2218\/revisions\/6938"}],"wp:featuredmedia":[{"embeddable":true,"href":"https:\/\/www.obispadorqta.org.ar\/v3\/wp-json\/wp\/v2\/media\/2220"}],"wp:attachment":[{"href":"https:\/\/www.obispadorqta.org.ar\/v3\/wp-json\/wp\/v2\/media?parent=2218"}],"wp:term":[{"taxonomy":"category","embeddable":true,"href":"https:\/\/www.obispadorqta.org.ar\/v3\/wp-json\/wp\/v2\/categories?post=2218"},{"taxonomy":"post_tag","embeddable":true,"href":"https:\/\/www.obispadorqta.org.ar\/v3\/wp-json\/wp\/v2\/tags?post=2218"}],"curies":[{"name":"wp","href":"https:\/\/api.w.org\/{rel}","templated":true}]}}