{"id":222,"date":"2009-11-05T12:51:01","date_gmt":"2009-11-05T12:51:01","guid":{"rendered":"http:\/\/www.obispadorqta.org.ar\/v3\/consagracion-perpetua-hna-marisa-stechina\/"},"modified":"2009-11-05T12:51:01","modified_gmt":"2009-11-05T12:51:01","slug":"consagracion-perpetua-hna-marisa-stechina","status":"publish","type":"post","link":"https:\/\/www.obispadorqta.org.ar\/v3\/consagracion-perpetua-hna-marisa-stechina\/","title":{"rendered":"Consagraci\u00f3n Perpetua Hna. Marisa Stechina"},"content":{"rendered":"<p><a href=\"http:\/\/3.bp.blogspot.com\/_Dl5zl2Tn-es\/SvLBd6IHTSI\/AAAAAAAAAMs\/HhAN6YrPWT4\/s1600-h\/Consagraccion.JPG\"><img loading=\"lazy\" decoding=\"async\" src=\"http:\/\/3.bp.blogspot.com\/_Dl5zl2Tn-es\/SvLBd6IHTSI\/AAAAAAAAAMs\/HhAN6YrPWT4\/s320\/Consagraccion.JPG\" border=\"0\" width=\"285\" height=\"180\" align=\"left\" \/><\/a>  Consagraci\u00f3n Perpetua de la Hna. Marisa Stechina como <\/p>\n<p>Sierva de Mar\u00eda Reparadora en la Capilla \u201cNtra. Se\u00f1ora <\/p>\n<p>de Itat\u00ed\u201d el d\u00eda 25 de octubre de 2009.<\/p>\n<p>&nbsp;<\/p>\n<p>&nbsp;<\/p>\n<p>&nbsp;<\/p>\n<p>Acompa\u00f1amos y nos alegramos por este deseo de ser fiel disc\u00edpula y misionera como Mar\u00eda, consagrandote definitivamente a Jes\u00fas.<\/p>\n<p>\u00a0<a href=\"http:\/\/2.bp.blogspot.com\/_Dl5zl2Tn-es\/SvLDIXts2ZI\/AAAAAAAAANE\/LpCHlpId74o\/s1600-h\/Para+Pag.+Consag..jpg\"><img loading=\"lazy\" decoding=\"async\" src=\"http:\/\/2.bp.blogspot.com\/_Dl5zl2Tn-es\/SvLDIXts2ZI\/AAAAAAAAANE\/LpCHlpId74o\/s320\/Para+Pag.+Consag..jpg\" border=\"0\" width=\"274\" height=\"178\" align=\"middle\" \/><\/a><a href=\"http:\/\/2.bp.blogspot.com\/_Dl5zl2Tn-es\/SvLMDpHjM2I\/AAAAAAAAANM\/Rg266mINmCY\/s1600-h\/Consagracion.JPG\"><img loading=\"lazy\" decoding=\"async\" src=\"http:\/\/2.bp.blogspot.com\/_Dl5zl2Tn-es\/SvLMDpHjM2I\/AAAAAAAAANM\/Rg266mINmCY\/s320\/Consagracion.JPG\" border=\"0\" width=\"293\" height=\"190\" align=\"right\" \/><\/a><\/p>\n<p> <a href=\"http:\/\/3.bp.blogspot.com\/_Dl5zl2Tn-es\/SvLCw7FHR3I\/AAAAAAAAAM8\/SXnrFejsfxM\/s1600-h\/consagraci\u00c3\u00b3n.JPG\"><img loading=\"lazy\" decoding=\"async\" src=\"http:\/\/3.bp.blogspot.com\/_Dl5zl2Tn-es\/SvLCw7FHR3I\/AAAAAAAAAM8\/SXnrFejsfxM\/s320\/consagraci%C3%B3n.JPG\" border=\"0\" width=\"278\" height=\"179\" align=\"middle\" \/><\/a>\u00a0\u00a0<\/p>\n","protected":false},"excerpt":{"rendered":"<div class=\"mh-excerpt\"><p><a href=\"http:\/\/3.bp.blogspot.com\/_Dl5zl2Tn-es\/SvLBd6IHTSI\/AAAAAAAAAMs\/HhAN6YrPWT4\/s1600-h\/Consagraccion.JPG\"><img loading=\"lazy\" decoding=\"async\" src=\"http:\/\/3.bp.blogspot.com\/_Dl5zl2Tn-es\/SvLBd6IHTSI\/AAAAAAAAAMs\/HhAN6YrPWT4\/s320\/Consagraccion.JPG\" border=\"0\" width=\"285\" height=\"180\" align=\"left\" \/><\/a>  Consagraci\u00f3n Perpetua de la Hna. Marisa Stechina como <\/p>\n<p>Sierva de Mar\u00eda Reparadora en la Capilla \u201cNtra. Se\u00f1ora <\/p>\n<p>de Itat\u00ed\u201d el d\u00eda 25 de octubre de 2009.<\/p>\n<p>&nbsp;<\/p>\n<p>&nbsp;<\/p>\n<p>&nbsp;<\/p>\n<\/div>","protected":false},"author":1,"featured_media":0,"comment_status":"open","ping_status":"open","sticky":false,"template":"","format":"standard","meta":{"footnotes":""},"categories":[28],"tags":[],"class_list":["post-222","post","type-post","status-publish","format-standard","hentry","category-latest-news"],"_links":{"self":[{"href":"https:\/\/www.obispadorqta.org.ar\/v3\/wp-json\/wp\/v2\/posts\/222","targetHints":{"allow":["GET"]}}],"collection":[{"href":"https:\/\/www.obispadorqta.org.ar\/v3\/wp-json\/wp\/v2\/posts"}],"about":[{"href":"https:\/\/www.obispadorqta.org.ar\/v3\/wp-json\/wp\/v2\/types\/post"}],"author":[{"embeddable":true,"href":"https:\/\/www.obispadorqta.org.ar\/v3\/wp-json\/wp\/v2\/users\/1"}],"replies":[{"embeddable":true,"href":"https:\/\/www.obispadorqta.org.ar\/v3\/wp-json\/wp\/v2\/comments?post=222"}],"version-history":[{"count":0,"href":"https:\/\/www.obispadorqta.org.ar\/v3\/wp-json\/wp\/v2\/posts\/222\/revisions"}],"wp:attachment":[{"href":"https:\/\/www.obispadorqta.org.ar\/v3\/wp-json\/wp\/v2\/media?parent=222"}],"wp:term":[{"taxonomy":"category","embeddable":true,"href":"https:\/\/www.obispadorqta.org.ar\/v3\/wp-json\/wp\/v2\/categories?post=222"},{"taxonomy":"post_tag","embeddable":true,"href":"https:\/\/www.obispadorqta.org.ar\/v3\/wp-json\/wp\/v2\/tags?post=222"}],"curies":[{"name":"wp","href":"https:\/\/api.w.org\/{rel}","templated":true}]}}