{"id":223,"date":"2009-11-05T13:08:39","date_gmt":"2009-11-05T13:08:39","guid":{"rendered":"http:\/\/www.obispadorqta.org.ar\/v3\/mensaje-mons-dus-2\/"},"modified":"2009-11-05T13:08:39","modified_gmt":"2009-11-05T13:08:39","slug":"mensaje-mons-dus-2","status":"publish","type":"post","link":"https:\/\/www.obispadorqta.org.ar\/v3\/mensaje-mons-dus-2\/","title":{"rendered":"Mensaje Mons. Dus"},"content":{"rendered":"<p>Mensaje en audio del mes de Noviembre de nuestro Se\u00f1or Obispo Monse\u00f1or Dus {mp3}mensaje_monse\u00f1or_dus-noviembre_semana_1_mail{\/mp3}<\/p>\n","protected":false},"excerpt":{"rendered":"<div class=\"mh-excerpt\"><p>Mensaje en audio del mes de Noviembre de nuestro Se\u00f1or Obispo Monse\u00f1or Dus {mp3}mensaje_monse\u00f1or_dus-noviembre_semana_1_mail{\/mp3}<\/p>\n<\/div>","protected":false},"author":1,"featured_media":0,"comment_status":"open","ping_status":"open","sticky":false,"template":"","format":"standard","meta":{"footnotes":""},"categories":[28],"tags":[],"class_list":["post-223","post","type-post","status-publish","format-standard","hentry","category-latest-news"],"_links":{"self":[{"href":"https:\/\/www.obispadorqta.org.ar\/v3\/wp-json\/wp\/v2\/posts\/223","targetHints":{"allow":["GET"]}}],"collection":[{"href":"https:\/\/www.obispadorqta.org.ar\/v3\/wp-json\/wp\/v2\/posts"}],"about":[{"href":"https:\/\/www.obispadorqta.org.ar\/v3\/wp-json\/wp\/v2\/types\/post"}],"author":[{"embeddable":true,"href":"https:\/\/www.obispadorqta.org.ar\/v3\/wp-json\/wp\/v2\/users\/1"}],"replies":[{"embeddable":true,"href":"https:\/\/www.obispadorqta.org.ar\/v3\/wp-json\/wp\/v2\/comments?post=223"}],"version-history":[{"count":0,"href":"https:\/\/www.obispadorqta.org.ar\/v3\/wp-json\/wp\/v2\/posts\/223\/revisions"}],"wp:attachment":[{"href":"https:\/\/www.obispadorqta.org.ar\/v3\/wp-json\/wp\/v2\/media?parent=223"}],"wp:term":[{"taxonomy":"category","embeddable":true,"href":"https:\/\/www.obispadorqta.org.ar\/v3\/wp-json\/wp\/v2\/categories?post=223"},{"taxonomy":"post_tag","embeddable":true,"href":"https:\/\/www.obispadorqta.org.ar\/v3\/wp-json\/wp\/v2\/tags?post=223"}],"curies":[{"name":"wp","href":"https:\/\/api.w.org\/{rel}","templated":true}]}}