{"id":2232,"date":"2014-04-20T14:33:25","date_gmt":"2014-04-20T14:33:25","guid":{"rendered":"http:\/\/www.obispadorqta.org.ar\/v3\/?p=2232"},"modified":"2017-11-15T14:38:42","modified_gmt":"2017-11-15T14:38:42","slug":"eudides-xavier-sponton","status":"publish","type":"post","link":"https:\/\/www.obispadorqta.org.ar\/v3\/eudides-xavier-sponton\/","title":{"rendered":"Eudides Xavier Spont\u00f3n"},"content":{"rendered":"<p style=\"line-height: 200%;\"><strong><u>Datos personales:<\/u><\/strong><br \/>\nNaci\u00f3 el 22 de abril de 1944, en El Araz\u00e1, Provincia de Santa Fe.<\/p>\n<p style=\"line-height: 200%;\"><strong><u>Estudios realizados y formaci\u00f3n recibida:<\/u><\/strong><br \/>\nRecibi\u00f3 el Sacramento del Orden Sagrado del Diaconado Permanente el 20 de abril de 2014.<\/p>\n<p><strong><u>Oficio Pastoral Actual:<\/u><\/strong><\/p>\n<p>\u2022 Di\u00e1cono Permanente adscripto a la parroquia \u201cNuestra Se\u00f1ora del Huerto\u201d de Malabrigo.<\/p>\n<p><strong><u>Asesor\u00edas:<\/u><\/strong><\/p>\n<p>\u2022 Coordinador para la Pastoral de Adicciones<\/p>\n<p><strong><u>Domicilio:<\/u><\/strong>\u00a0Belgrano N\u00ba 1447, Malabrigo, Santa Fe.<\/p>\n<p><strong><u>Tel\u00e9fono:<\/u><\/strong>\u00a0 (03482) 454004<\/p>\n","protected":false},"excerpt":{"rendered":"<div class=\"mh-excerpt\"><p>Datos personales: Naci\u00f3 el 22 de abril de 1944, en El Araz\u00e1, Provincia de Santa Fe. Estudios realizados y formaci\u00f3n recibida: Recibi\u00f3 el Sacramento del <a class=\"mh-excerpt-more\" href=\"https:\/\/www.obispadorqta.org.ar\/v3\/eudides-xavier-sponton\/\" title=\"Eudides Xavier Spont\u00f3n\">[&#8230;]<\/a><\/p>\n<\/div>","protected":false},"author":2,"featured_media":2233,"comment_status":"closed","ping_status":"open","sticky":false,"template":"","format":"standard","meta":{"footnotes":""},"categories":[83],"tags":[],"class_list":["post-2232","post","type-post","status-publish","format-standard","has-post-thumbnail","hentry","category-diaconospermanentes"],"_links":{"self":[{"href":"https:\/\/www.obispadorqta.org.ar\/v3\/wp-json\/wp\/v2\/posts\/2232","targetHints":{"allow":["GET"]}}],"collection":[{"href":"https:\/\/www.obispadorqta.org.ar\/v3\/wp-json\/wp\/v2\/posts"}],"about":[{"href":"https:\/\/www.obispadorqta.org.ar\/v3\/wp-json\/wp\/v2\/types\/post"}],"author":[{"embeddable":true,"href":"https:\/\/www.obispadorqta.org.ar\/v3\/wp-json\/wp\/v2\/users\/2"}],"replies":[{"embeddable":true,"href":"https:\/\/www.obispadorqta.org.ar\/v3\/wp-json\/wp\/v2\/comments?post=2232"}],"version-history":[{"count":1,"href":"https:\/\/www.obispadorqta.org.ar\/v3\/wp-json\/wp\/v2\/posts\/2232\/revisions"}],"predecessor-version":[{"id":2234,"href":"https:\/\/www.obispadorqta.org.ar\/v3\/wp-json\/wp\/v2\/posts\/2232\/revisions\/2234"}],"wp:featuredmedia":[{"embeddable":true,"href":"https:\/\/www.obispadorqta.org.ar\/v3\/wp-json\/wp\/v2\/media\/2233"}],"wp:attachment":[{"href":"https:\/\/www.obispadorqta.org.ar\/v3\/wp-json\/wp\/v2\/media?parent=2232"}],"wp:term":[{"taxonomy":"category","embeddable":true,"href":"https:\/\/www.obispadorqta.org.ar\/v3\/wp-json\/wp\/v2\/categories?post=2232"},{"taxonomy":"post_tag","embeddable":true,"href":"https:\/\/www.obispadorqta.org.ar\/v3\/wp-json\/wp\/v2\/tags?post=2232"}],"curies":[{"name":"wp","href":"https:\/\/api.w.org\/{rel}","templated":true}]}}