{"id":224,"date":"2009-11-05T13:10:06","date_gmt":"2009-11-05T13:10:06","guid":{"rendered":"http:\/\/www.obispadorqta.org.ar\/v3\/8-de-noviembre-qdia-del-enfermoq\/"},"modified":"2009-11-05T13:10:06","modified_gmt":"2009-11-05T13:10:06","slug":"8-de-noviembre-qdia-del-enfermoq","status":"publish","type":"post","link":"https:\/\/www.obispadorqta.org.ar\/v3\/8-de-noviembre-qdia-del-enfermoq\/","title":{"rendered":"8 de Noviembre: \u00abD\u00eda del Enfermo\u00bb"},"content":{"rendered":"<div align=\"center\"><strong><em>\u201cAsu<\/em><\/strong><strong><em>miendo la enfermedad con Cristo, nuestra esperanza\u201d\u00a0<\/em><\/strong><\/div>\n<div>\u00a0<\/div>\n<div> <a href=\"http:\/\/2.bp.blogspot.com\/_Dl5zl2Tn-es\/Sur4hPMpczI\/AAAAAAAAAMk\/FDZ8AQQAbU4\/s1600-h\/Afiche+D\u00c3\u00ada+del+Enfermo.JPG\"><img loading=\"lazy\" decoding=\"async\" src=\"http:\/\/2.bp.blogspot.com\/_Dl5zl2Tn-es\/Sur4hPMpczI\/AAAAAAAAAMk\/FDZ8AQQAbU4\/s320\/Afiche+D%C3%ADa+del+Enfermo.JPG\" border=\"0\" width=\"284\" height=\"200\" align=\"left\" \/><\/a>  Bajo este lema la Pastoral Diocesana de Salud llevar\u00e1 a cabo una Jornada por el \u201cD\u00eda Nacional del Enfermo\u201d el d\u00eda s\u00e1bado 07 de Noviembre en el Hospital Central de Reconquista a partir de las 16.00. <\/div>\n<div>Culminar\u00e1 con la Celebraci\u00f3n de la Santa Misa.<\/div>\n<div>\u00a0<\/div>\n<div>\u00a0<\/div>\n<div><em><strong>Se invita a todos los agentes pastorales de la salud de toda la di\u00f3cesis, para juntos renovar en cada uno el deseo de servir con dedicaci\u00f3n a quien sufre, imitando a Jes\u00fas, Buen Samaritano de la humanidad. <\/strong><\/em><\/div>\n","protected":false},"excerpt":{"rendered":"<div class=\"mh-excerpt\"><p>\u201cAsumiendo la enfermedad con Cristo, nuestra esperanza\u201d\u00a0 \u00a0 Bajo este lema la Pastoral Diocesana de Salud llevar\u00e1 a cabo una Jornada por el \u201cD\u00eda Nacional <a class=\"mh-excerpt-more\" href=\"https:\/\/www.obispadorqta.org.ar\/v3\/8-de-noviembre-qdia-del-enfermoq\/\" title=\"8 de Noviembre: \u00abD\u00eda del Enfermo\u00bb\">[&#8230;]<\/a><\/p>\n<\/div>","protected":false},"author":1,"featured_media":0,"comment_status":"open","ping_status":"open","sticky":false,"template":"","format":"standard","meta":{"footnotes":""},"categories":[28],"tags":[],"class_list":["post-224","post","type-post","status-publish","format-standard","hentry","category-latest-news"],"_links":{"self":[{"href":"https:\/\/www.obispadorqta.org.ar\/v3\/wp-json\/wp\/v2\/posts\/224","targetHints":{"allow":["GET"]}}],"collection":[{"href":"https:\/\/www.obispadorqta.org.ar\/v3\/wp-json\/wp\/v2\/posts"}],"about":[{"href":"https:\/\/www.obispadorqta.org.ar\/v3\/wp-json\/wp\/v2\/types\/post"}],"author":[{"embeddable":true,"href":"https:\/\/www.obispadorqta.org.ar\/v3\/wp-json\/wp\/v2\/users\/1"}],"replies":[{"embeddable":true,"href":"https:\/\/www.obispadorqta.org.ar\/v3\/wp-json\/wp\/v2\/comments?post=224"}],"version-history":[{"count":0,"href":"https:\/\/www.obispadorqta.org.ar\/v3\/wp-json\/wp\/v2\/posts\/224\/revisions"}],"wp:attachment":[{"href":"https:\/\/www.obispadorqta.org.ar\/v3\/wp-json\/wp\/v2\/media?parent=224"}],"wp:term":[{"taxonomy":"category","embeddable":true,"href":"https:\/\/www.obispadorqta.org.ar\/v3\/wp-json\/wp\/v2\/categories?post=224"},{"taxonomy":"post_tag","embeddable":true,"href":"https:\/\/www.obispadorqta.org.ar\/v3\/wp-json\/wp\/v2\/tags?post=224"}],"curies":[{"name":"wp","href":"https:\/\/api.w.org\/{rel}","templated":true}]}}