{"id":228,"date":"2009-11-16T12:26:55","date_gmt":"2009-11-16T12:26:55","guid":{"rendered":"http:\/\/www.obispadorqta.org.ar\/v3\/declaracion-98o-asamblea-plenaria-qsomos-hermanos-queremos-ser-nacionq\/"},"modified":"2009-11-16T12:26:55","modified_gmt":"2009-11-16T12:26:55","slug":"declaracion-98o-asamblea-plenaria-qsomos-hermanos-queremos-ser-nacionq","status":"publish","type":"post","link":"https:\/\/www.obispadorqta.org.ar\/v3\/declaracion-98o-asamblea-plenaria-qsomos-hermanos-queremos-ser-nacionq\/","title":{"rendered":"Declaraci\u00f3n 98\u00ba Asamblea Plenaria \u00abSomos hermanos, queremos ser Naci\u00f3n\u00bb"},"content":{"rendered":"<div align=\"center\"><!--[if gte mso 9]><xml>  <w:WordDocument>   <w:View>Normal<\/w:View>   <w:Zoom>0<\/w:Zoom>   <w:HyphenationZone>21<\/w:HyphenationZone>   <w:PunctuationKerning\/>   <w:ValidateAgainstSchemas\/>   <w:SaveIfXMLInvalid>false<\/w:SaveIfXMLInvalid>   <w:IgnoreMixedContent>false<\/w:IgnoreMixedContent>   <w:AlwaysShowPlaceholderText>false<\/w:AlwaysShowPlaceholderText>   <w:Compatibility>    <w:BreakWrappedTables\/>    <w:SnapToGridInCell\/>    <w:WrapTextWithPunct\/>    <w:UseAsianBreakRules\/>    <w:DontGrowAutofit\/>   <\/w:Compatibility>   <w:BrowserLevel>MicrosoftInternetExplorer4<\/w:BrowserLevel>  <\/w:WordDocument> <\/xml><![endif]--><!--[if gte mso 9]><xml>  <w:LatentStyles DefLockedState=\"false\" LatentStyleCount=\"156\">  <\/w:LatentStyles> <\/xml><![endif]--><!--[if !mso]>\n\n<div   classid=\"clsid:38481807-CA0E-42D2-BF39-B33AF135CC4D\" id=ieooui><\/div>\n\n \n\n<style> st1\\:*{behavior:url(#ieooui) } <\/style>\n\n <![endif]--> <!--  \/* Font Definitions *\/  @font-face \t{font-family:Verdana; \tpanose-1:2 11 6 4 3 5 4 4 2 4; \tmso-font-charset:0; \tmso-generic-font-family:swiss; \tmso-font-pitch:variable; \tmso-font-signature:536871559 0 0 0 415 0;}  \/* Style Definitions *\/  p.MsoNormal, li.MsoNormal, div.MsoNormal \t{mso-style-parent:\"\"; \tmargin:0cm; \tmargin-bottom:.0001pt; \tmso-pagination:widow-orphan; \tfont-size:12.0pt; \tfont-family:\"Times New Roman\"; \tmso-fareast-font-family:\"Times New Roman\";} p \t{mso-margin-top-alt:auto; \tmargin-right:0cm; \tmso-margin-bottom-alt:auto; \tmargin-left:0cm; \tmso-pagination:widow-orphan; \tfont-size:12.0pt; \tfont-family:\"Times New Roman\"; \tmso-fareast-font-family:\"Times New Roman\";} p.prrafodelista, li.prrafodelista, div.prrafodelista \t{mso-style-name:prrafodelista; \tmso-margin-top-alt:auto; \tmargin-right:0cm; \tmso-margin-bottom-alt:auto; \tmargin-left:0cm; \tmso-pagination:widow-orphan; \tfont-size:12.0pt; \tfont-family:\"Times New Roman\"; \tmso-fareast-font-family:\"Times New Roman\";} p.prrafodelistacxspmiddle, li.prrafodelistacxspmiddle, div.prrafodelistacxspmiddle \t{mso-style-name:prrafodelistacxspmiddle; \tmso-margin-top-alt:auto; \tmargin-right:0cm; \tmso-margin-bottom-alt:auto; \tmargin-left:0cm; \tmso-pagination:widow-orphan; \tfont-size:12.0pt; \tfont-family:\"Times New Roman\"; \tmso-fareast-font-family:\"Times New Roman\";} p.prrafodelistacxsplast, li.prrafodelistacxsplast, div.prrafodelistacxsplast \t{mso-style-name:prrafodelistacxsplast; \tmso-margin-top-alt:auto; \tmargin-right:0cm; \tmso-margin-bottom-alt:auto; \tmargin-left:0cm; \tmso-pagination:widow-orphan; \tfont-size:12.0pt; \tfont-family:\"Times New Roman\"; \tmso-fareast-font-family:\"Times New Roman\";} @page Section1 \t{size:612.0pt 792.0pt; \tmargin:70.85pt 3.0cm 70.85pt 3.0cm; \tmso-header-margin:36.0pt; \tmso-footer-margin:36.0pt; \tmso-paper-source:0;} div.Section1 \t{page:Section1;} --> <!--[if gte mso 10]> \n\n<style>  \/* Style Definitions *\/  table.MsoNormalTable \t{mso-style-name:\"Tabla normal\"; \tmso-tstyle-rowband-size:0; \tmso-tstyle-colband-size:0; \tmso-style-noshow:yes; \tmso-style-parent:\"\"; \tmso-padding-alt:0cm 5.4pt 0cm 5.4pt; \tmso-para-margin:0cm; \tmso-para-margin-bottom:.0001pt; \tmso-pagination:widow-orphan; \tfont-size:10.0pt; \tfont-family:\"Times New Roman\"; \tmso-ansi-language:#0400; \tmso-fareast-language:#0400; \tmso-bidi-language:#0400;} <\/style>\n\n <![endif]--><strong><span style=\"font-size: 10pt; font-family: Verdana\">SOMOS HERMANOS, QUEREMOS SER NACION<\/span><\/strong> <\/div>\n<p style=\"margin-top: 12pt; text-align: justify; text-indent: 35.45pt\" class=\"MsoNormal\"><strong><span style=\"font-family: Verdana; font-size: 10pt\">I.\u00a0<\/span><\/strong><span style=\"font-size: 10pt; font-family: Verdana\">1.<strong> <\/strong>En el mes de noviembre del 2008, en el Documento \u201cHacia un Bicentenario en Justicia y Solidaridad\u201d (HB), delineamos la necesidad de recorrer un camino basado en el di\u00e1logo y en la b\u00fasqueda de consensos y acuerdos que confluyeran en algunas pol\u00edticas p\u00fablicas, base de un verdadero proyecto de Naci\u00f3n.<\/span><\/p>\n<p style=\"margin-top: 12pt; text-align: justify; text-indent: 35.45pt\" class=\"MsoNormal\"><span style=\"font-size: 10pt; font-family: Verdana\">2. Ese Documento es fruto de nuestra experiencia pastoral, que nos muestra que en el pueblo existen hondos deseos de vivir en paz y en una convivencia basada en el entendimiento, la justicia y la reconciliaci\u00f3n.<\/span><\/p>\n<p style=\"margin-top: 12pt; text-align: justify; text-indent: 35.45pt\" class=\"MsoNormal\"><span style=\"font-size: 10pt; font-family: Verdana\">3. En este tiempo, sin embargo, percibimos un clima social alejado de esas sanas aspiraciones de nuestro pueblo. La violencia verbal y f\u00edsica en el trato pol\u00edtico y entre los diversos actores sociales, la falta de respeto a las personas e instituciones, el crecimiento de la conflictividad social, la descalificaci\u00f3n de quienes piensan distinto, limitando as\u00ed la libertad de expresi\u00f3n, son actitudes que debilitan fuertemente la paz y el tejido social.<\/span><\/p>\n<p style=\"margin-top: 12pt; text-align: justify; text-indent: 35.45pt\" class=\"MsoNormal\">&nbsp;<\/p>\n<p style=\"margin-top: 12pt; text-align: justify; text-indent: 35.45pt\" class=\"MsoNormal\"><span style=\"font-size: 10pt; font-family: Verdana\">4. Tambi\u00e9n nos preocupa la crueldad y el desprecio por la vida en la violencia delictiva, frecuentemente vinculada al consumo de drogas, que no s\u00f3lo causan dolor y muerte en muchas familias sino tambi\u00e9n pone a los j\u00f3venes en el riesgo de perder el sentido de la existencia.<\/span><\/p>\n<p style=\"margin-top: 12pt; text-align: justify; text-indent: 35.45pt\" class=\"MsoNormal\"><span style=\"font-size: 10pt; font-family: Verdana\">\u00a05. La situaci\u00f3n de pobreza es dram\u00e1tica para muchos hermanos nuestros. Aunque ya se han definido algunos caminos de ayuda y asistencia para las necesidades m\u00e1s urgentes, se hace necesario alcanzar estructuras m\u00e1s justas que consoliden un orden social, pol\u00edtico y econ\u00f3mico, con equidad e inclusi\u00f3n. <\/span><\/p>\n<p style=\"margin-top: 12pt; text-align: justify; text-indent: 35.45pt\" class=\"MsoNormal\"><span style=\"font-size: 10pt; font-family: Verdana\">6. Muchas veces no se encuentran f\u00e1cilmente los medios para atender y canalizar las necesidades leg\u00edtimas de los distintos sectores, pero siempre se debe tener en cuenta que la democracia no se fortalece en la conflictividad de las calles y rutas, sino en la vigencia de las Instituciones republicanas.<\/span><\/p>\n<p style=\"margin-top: 12pt; text-align: justify; text-indent: 35.45pt\" class=\"MsoNormal\"><span style=\"font-family: Verdana; font-size: 10pt\"><strong>II.\u00a0\u00a0\u00a0<\/strong>\u00a0\u00a0\u00a0\u00a0\u00a0 7. Nuestra mirada ser\u00eda incompleta si no se\u00f1al\u00e1ramos como ra\u00edz del problema la crisis cultural, moral y religiosa en que estamos inmersos.<\/span><\/p>\n<p style=\"margin-top: 12pt; text-align: justify; text-indent: 35.45pt\" class=\"MsoNormal\"><span style=\"font-size: 10pt; font-family: Verdana\">8. La cultura relativista imperante, al tiempo que corroe el sentido de la verdad, acent\u00faa tambi\u00e9n el individualismo que lleva al encierro y la indolencia frente al sufrimiento del hermano y a un progresivo acostumbramiento y resignaci\u00f3n ante la pobreza y exclusi\u00f3n de muchos. Por otro lado, el consumismo exacerbado de unos pocos expresa la prevalencia de actitudes narcisistas y ego\u00edstas en la sociedad. <\/span><\/p>\n<p style=\"margin-top: 12pt; text-align: justify; text-indent: 35.45pt\" class=\"MsoNormal\"><span style=\"font-size: 10pt; font-family: Verdana\">9. Es una crisis moral porque se han debilitado valores fundamentales de la convivencia familiar y social. La voluntad no se mueve tanto para el servicio y la solidaridad sino tras lo placentero del momento. La deuda social no es solamente \u201cun problema econ\u00f3mico o estad\u00edstico. Es, primariamente, un problema moral que nos afecta en nuestra dignidad m\u00e1s esencial\u201d. (HB5)<\/span><\/p>\n<p style=\"margin-top: 12pt; text-align: justify; text-indent: 35.45pt\" class=\"MsoNormal\"><span style=\"font-size: 10pt; font-family: Verdana\">10. Es una crisis religiosa porque no hemos tenido suficientemente en cuenta a Dios como Creador y Padre, fundamento de verdadera fraternidad y de toda raz\u00f3n y justicia. Sin Dios estamos como hu\u00e9rfanos y la sombra del desamparo se expande sobre los que est\u00e1n a la intemperie social. <\/span><\/p>\n<p style=\"margin-top: 12pt; text-align: justify; text-indent: 35.45pt\" class=\"MsoNormal\"><span style=\"font-size: 10pt; font-family: Verdana\"><strong>III. <\/strong>\u00a0\u00a0\u00a0\u00a0\u00a0\u00a0 11. Ante la situaci\u00f3n descripta, nos preguntamos: \u00bfPor qu\u00e9 no hemos sabido concretar en la Argentina los sanos deseos de nuestro pueblo? La vida en democracia requiere ser animada por valores permanentes, y fundamentarse en:<\/span><\/p>\n<p style=\"margin: 12pt 0cm 0.0001pt; text-align: justify; text-indent: 35.45pt\" class=\"prrafodelista\"><span style=\"font-size: 10pt; font-family: Verdana\">\u00b7<span style=\"font-size-adjust: none; font-stretch: normal\"> <\/span>El respeto a la  Constituci\u00f3n Nacional y las Leyes.<\/span><\/p>\n<p style=\"margin: 12pt 0cm 0.0001pt; text-align: justify; text-indent: 35.45pt\" class=\"prrafodelistacxspmiddle\"><span style=\"font-size: 10pt; font-family: Verdana\">\u00b7<span style=\"font-size-adjust: none; font-stretch: normal\"> <\/span>La autonom\u00eda de los Poderes del Estado como principio fundamental de la Rep\u00fablica, y la vigencia de las Instituciones. <\/span><\/p>\n<p style=\"margin: 12pt 0cm 0.0001pt; text-align: justify; text-indent: 35.45pt\" class=\"prrafodelistacxsplast\"><span style=\"font-size: 10pt; font-family: Verdana\">\u00b7<span style=\"font-size-adjust: none; font-stretch: normal\"> <\/span>El bien personal y sectorial deben armonizarse con la b\u00fasqueda del bien com\u00fan, y siempre teniendo particularmente en cuenta a los m\u00e1s pobres.<\/span><\/p>\n<p style=\"margin: 12pt 0cm 0.0001pt; text-align: justify; text-indent: 35.45pt\" class=\"prrafodelistacxsplast\"><span style=\"font-size: 10pt; font-family: Verdana\">12. Tal como lo afirmamos en noviembre del a\u00f1o pasado, renovamos el llamado a comprometernos hacia un Bicentenario en Justicia y Solidaridad (2010-2016), sin pobreza ni exclusi\u00f3n, sin enemistades ni violencias. Reafirmamos que \u201cnuestra patria es un don de Dios confiado a nuestra libertad, como un regalo que debemos cuidar y perfeccionar\u201d (HB11). En ella todos somos corresponsables de la construcci\u00f3n del bien com\u00fan y creceremos sanamente como Naci\u00f3n si afianzamos juntos nuestra identidad.<\/span><\/p>\n<p style=\"margin-top: 12pt; text-align: justify; text-indent: 35.45pt\" class=\"MsoNormal\"><span style=\"font-size: 10pt; font-family: Verdana\">13. El pr\u00f3ximo 10 de diciembre asumir\u00e1n legisladores y otros representantes que han sido electos durante este a\u00f1o. Invitamos a nuestros fieles a que recemos en cada Parroquia y Capilla en las Misas del s\u00e1bado 5 y domingo 6 de diciembre, por ellos y por todos los que tienen alguna responsabilidad p\u00fablica. <\/span><\/p>\n<p style=\"margin-top: 12pt; text-align: justify; text-indent: 35.45pt\" class=\"MsoNormal\"><span style=\"font-size: 10pt; font-family: Verdana\">14. Renovando nuestra esperanza en Jesucristo Se\u00f1or de la Historia, pedimos a la Virgen de Luj\u00e1n nos ayude a seguir construyendo una Patria de hermanos. <\/span><\/p>\n<p style=\"margin-top: 12pt; text-align: justify; text-indent: 35.45pt\" class=\"MsoNormal\" align=\"right\"><span style=\"font-size: 10pt; font-family: Verdana\">Pilar, 13 de noviembre de 2009<\/span><\/p>\n","protected":false},"excerpt":{"rendered":"<div class=\"mh-excerpt\"><div align=\"center\"><!--[if gte mso 9]><xml>  <w:WordDocument>   <w:View>Normal<\/w:View>   <w:Zoom>0<\/w:Zoom>   <w:HyphenationZone>21<\/w:HyphenationZone>   <w:PunctuationKerning\/>   <w:ValidateAgainstSchemas\/>   <w:SaveIfXMLInvalid>false<\/w:SaveIfXMLInvalid>   <w:IgnoreMixedContent>false<\/w:IgnoreMixedContent>   <w:AlwaysShowPlaceholderText>false<\/w:AlwaysShowPlaceholderText>   <w:Compatibility>    <w:BreakWrappedTables\/>    <w:SnapToGridInCell\/>    <w:WrapTextWithPunct\/>    <w:UseAsianBreakRules\/>    <w:DontGrowAutofit\/>   <\/w:Compatibility>   <w:BrowserLevel>MicrosoftInternetExplorer4<\/w:BrowserLevel>  <\/w:WordDocument> <\/xml><![endif]--><!--[if gte mso 9]><xml>  <w:LatentStyles DefLockedState=\"false\" LatentStyleCount=\"156\">  <\/w:LatentStyles> <\/xml><![endif]--><!--[if !mso]>\n\n<div   classid=\"clsid:38481807-CA0E-42D2-BF39-B33AF135CC4D\" id=ieooui><\/div>\n\n \n\n<style> st1\\:*{behavior:url(#ieooui) } <\/style>\n\n <![endif]--> <!--  \/* Font Definitions *\/  @font-face \t{font-family:Verdana; \tpanose-1:2 11 6 4 3 5 4 4 2 4; \tmso-font-charset:0; \tmso-generic-font-family:swiss; \tmso-font-pitch:variable; \tmso-font-signature:536871559 0 0 0 415 0;}  \/* Style Definitions *\/  p.MsoNormal, li.MsoNormal, div.MsoNormal \t{mso-style-parent:\"\"; \tmargin:0cm; \tmargin-bottom:.0001pt; \tmso-pagination:widow-orphan; \tfont-size:12.0pt; \tfont-family:\"Times New Roman\"; \tmso-fareast-font-family:\"Times New Roman\";} p \t{mso-margin-top-alt:auto; \tmargin-right:0cm; \tmso-margin-bottom-alt:auto; \tmargin-left:0cm; \tmso-pagination:widow-orphan; \tfont-size:12.0pt; \tfont-family:\"Times New Roman\"; \tmso-fareast-font-family:\"Times New Roman\";} p.prrafodelista, li.prrafodelista, div.prrafodelista \t{mso-style-name:prrafodelista; \tmso-margin-top-alt:auto; \tmargin-right:0cm; \tmso-margin-bottom-alt:auto; \tmargin-left:0cm; \tmso-pagination:widow-orphan; \tfont-size:12.0pt; \tfont-family:\"Times New Roman\"; \tmso-fareast-font-family:\"Times New Roman\";} p.prrafodelistacxspmiddle, li.prrafodelistacxspmiddle, div.prrafodelistacxspmiddle \t{mso-style-name:prrafodelistacxspmiddle; \tmso-margin-top-alt:auto; \tmargin-right:0cm; \tmso-margin-bottom-alt:auto; \tmargin-left:0cm; \tmso-pagination:widow-orphan; \tfont-size:12.0pt; \tfont-family:\"Times New Roman\"; \tmso-fareast-font-family:\"Times New Roman\";} p.prrafodelistacxsplast, li.prrafodelistacxsplast, div.prrafodelistacxsplast \t{mso-style-name:prrafodelistacxsplast; \tmso-margin-top-alt:auto; \tmargin-right:0cm; \tmso-margin-bottom-alt:auto; \tmargin-left:0cm; \tmso-pagination:widow-orphan; \tfont-size:12.0pt; \tfont-family:\"Times New Roman\"; \tmso-fareast-font-family:\"Times New Roman\";} @page Section1 \t{size:612.0pt 792.0pt; \tmargin:70.85pt 3.0cm 70.85pt 3.0cm; \tmso-header-margin:36.0pt; \tmso-footer-margin:36.0pt; \tmso-paper-source:0;} div.Section1 \t{page:Section1;} --> <!--[if gte mso 10]> \n\n<style>  \/* Style Definitions *\/  table.MsoNormalTable \t{mso-style-name:\"Tabla normal\"; \tmso-tstyle-rowband-size:0; \tmso-tstyle-colband-size:0; \tmso-style-noshow:yes; \tmso-style-parent:\"\"; \tmso-padding-alt:0cm 5.4pt 0cm 5.4pt; \tmso-para-margin:0cm; \tmso-para-margin-bottom:.0001pt; \tmso-pagination:widow-orphan; \tfont-size:10.0pt; \tfont-family:\"Times New Roman\"; \tmso-ansi-language:#0400; \tmso-fareast-language:#0400; \tmso-bidi-language:#0400;} <\/style>\n\n <![endif]--><strong><span style=\"font-size: 10pt; font-family: Verdana\">SOMOS HERMANOS, QUEREMOS SER NACION<\/span><\/strong> <\/div>\n<p style=\"margin-top: 12pt; text-align: justify; text-indent: 35.45pt\" class=\"MsoNormal\"><strong><span style=\"font-family: Verdana; font-size: 10pt\">I.\u00a0<\/span><\/strong><span style=\"font-size: 10pt; font-family: Verdana\">1.<strong> <\/strong>En el mes de noviembre del 2008, en el Documento \u201cHacia un Bicentenario en Justicia y Solidaridad\u201d (HB), delineamos la necesidad de recorrer un camino basado en el di\u00e1logo y en la b\u00fasqueda de consensos y acuerdos que confluyeran en algunas pol\u00edticas p\u00fablicas, base de un verdadero proyecto de Naci\u00f3n.<\/span><\/p>\n<p style=\"margin-top: 12pt; text-align: justify; text-indent: 35.45pt\" class=\"MsoNormal\"><span style=\"font-size: 10pt; font-family: Verdana\">2. Ese Documento es fruto de nuestra experiencia pastoral, que nos muestra que en el pueblo existen hondos deseos de vivir en paz y en una convivencia basada en el entendimiento, la justicia y la reconciliaci\u00f3n.<\/span><\/p>\n<p style=\"margin-top: 12pt; text-align: justify; text-indent: 35.45pt\" class=\"MsoNormal\"><span style=\"font-size: 10pt; font-family: Verdana\">3. En este tiempo, sin embargo, percibimos un clima social alejado de esas sanas aspiraciones de nuestro pueblo. La violencia verbal y f\u00edsica en el trato pol\u00edtico y entre los diversos actores sociales, la falta de respeto a las personas e instituciones, el crecimiento de la conflictividad social, la descalificaci\u00f3n de quienes piensan distinto, limitando as\u00ed la libertad de expresi\u00f3n, son actitudes que debilitan fuertemente la paz y el tejido social.<\/span><\/p>\n<\/div>","protected":false},"author":1,"featured_media":0,"comment_status":"open","ping_status":"open","sticky":false,"template":"","format":"standard","meta":{"footnotes":""},"categories":[28],"tags":[],"class_list":["post-228","post","type-post","status-publish","format-standard","hentry","category-latest-news"],"_links":{"self":[{"href":"https:\/\/www.obispadorqta.org.ar\/v3\/wp-json\/wp\/v2\/posts\/228","targetHints":{"allow":["GET"]}}],"collection":[{"href":"https:\/\/www.obispadorqta.org.ar\/v3\/wp-json\/wp\/v2\/posts"}],"about":[{"href":"https:\/\/www.obispadorqta.org.ar\/v3\/wp-json\/wp\/v2\/types\/post"}],"author":[{"embeddable":true,"href":"https:\/\/www.obispadorqta.org.ar\/v3\/wp-json\/wp\/v2\/users\/1"}],"replies":[{"embeddable":true,"href":"https:\/\/www.obispadorqta.org.ar\/v3\/wp-json\/wp\/v2\/comments?post=228"}],"version-history":[{"count":0,"href":"https:\/\/www.obispadorqta.org.ar\/v3\/wp-json\/wp\/v2\/posts\/228\/revisions"}],"wp:attachment":[{"href":"https:\/\/www.obispadorqta.org.ar\/v3\/wp-json\/wp\/v2\/media?parent=228"}],"wp:term":[{"taxonomy":"category","embeddable":true,"href":"https:\/\/www.obispadorqta.org.ar\/v3\/wp-json\/wp\/v2\/categories?post=228"},{"taxonomy":"post_tag","embeddable":true,"href":"https:\/\/www.obispadorqta.org.ar\/v3\/wp-json\/wp\/v2\/tags?post=228"}],"curies":[{"name":"wp","href":"https:\/\/api.w.org\/{rel}","templated":true}]}}