{"id":229,"date":"2009-11-17T11:27:38","date_gmt":"2009-11-17T11:27:38","guid":{"rendered":"http:\/\/www.obispadorqta.org.ar\/v3\/ejercicios-espirituales-ignacianos\/"},"modified":"2009-11-17T11:27:38","modified_gmt":"2009-11-17T11:27:38","slug":"ejercicios-espirituales-ignacianos","status":"publish","type":"post","link":"https:\/\/www.obispadorqta.org.ar\/v3\/ejercicios-espirituales-ignacianos\/","title":{"rendered":"EJERCICIOS ESPIRITUALES IGNACIANOS"},"content":{"rendered":"<p align=\"center\">\u00a0<font face=\"arial,helvetica,sans-serif\"><a href=\"http:\/\/2.bp.blogspot.com\/_Dl5zl2Tn-es\/SwKMEx6KVwI\/AAAAAAAAANs\/xnYfzUaAbzc\/s1600\/Cartelera+E.E..jpg\"><img loading=\"lazy\" decoding=\"async\" src=\"http:\/\/2.bp.blogspot.com\/_Dl5zl2Tn-es\/SwKMEx6KVwI\/AAAAAAAAANs\/xnYfzUaAbzc\/s320\/Cartelera+E.E..jpg\" border=\"0\" width=\"149\" height=\"195\" align=\"left\" \/><\/a><\/font><em><strong><font face=\"georgia,palatino\" style=\"font-size: 12px\">\u201cEnam\u00f3rate\u2026 Nada puede importar m\u00e1s que encontrar a Dios\u201d<\/font><\/strong><\/em> <\/p>\n<p><font face=\"arial,helvetica,sans-serif\">\u00a0 Pedro Arrupe s.j. (Prep\u00f3sito General de la Compa\u00f1\u00eda de Jes\u00fas entre 1965 y 1983)<\/p>\n<p>Se invita a los Ejercicios Espirituales de silencio y personalizados, orientados a personas mayores de 30 a\u00f1os. Los mismos ser\u00e1n guiados por el P. Marcelo Larrotonda S.J. de Resistencia \u2013 Chaco<\/p>\n<p><\/font><\/p>\n<hr width=\"100%\" size=\"2\" \/><font face=\"arial,helvetica,sans-serif\"><a href=\"http:\/\/2.bp.blogspot.com\/_Dl5zl2Tn-es\/SwKMEx6KVwI\/AAAAAAAAANs\/xnYfzUaAbzc\/s1600\/Cartelera+E.E..jpg\"><\/a><\/font><\/p>\n<div align=\"center\"><strong><font face=\"arial,helvetica,sans-serif\">D\u00edas: 11, 12 y 13 de diciembre de 2009<\/font><br \/><font face=\"arial,helvetica,sans-serif\">Lugar: \u201cCasa de Itat\u00ed\u201d \u2013 Avellaneda<\/font><br \/><font face=\"arial,helvetica,sans-serif\">Informaci\u00f3n e inscripci\u00f3n: inscripciones abiertas desde el lunes 23\/11 al mi\u00e9rcoles 09\/12, en:<\/font><br \/><font face=\"arial,helvetica,sans-serif\">\u00b7\u00a0\u00a0\u00a0 Reconquista: lunes, mi\u00e9rcoles y viernes por la ma\u00f1ana en Sede Diocesana de Laicos \u00f3 a los tel\u00e9fonos 03482-426823 \/ 03482-15641785<\/font><br \/><font face=\"arial,helvetica,sans-serif\">\u00b7\u00a0\u00a0\u00a0 Avellaneda: Secretar\u00eda Parroquial (tel. 481198)<\/font><br \/><font face=\"arial,helvetica,sans-serif\">\u00b7\u00a0\u00a0\u00a0 Malabrigo: Secretar\u00eda Parroquial (tel. 454004)<\/font><\/p>\n<p><font face=\"arial,helvetica,sans-serif\">Costo del Retiro:\u00a0 $ 80,00\u00a0\u00a0\u00a0\u00a0\u00a0\u00a0\u00a0\u00a0\u00a0\u00a0\u00a0\u00a0\u00a0\u00a0\u00a0\u00a0\u00a0\u00a0\u00a0\u00a0\u00a0\u00a0\u00a0\u00a0\u00a0\u00a0\u00a0\u00a0\u00a0\u00a0\u00a0\u00a0\u00a0\u00a0\u00a0\u00a0\u00a0\u00a0 Cupo limitado<\/font><\/strong><\/div>\n<div align=\"center\">\u00a0<\/div>\n<div align=\"center\">\u00a0\u00a0<strong>\u00a0 Invita y Organiza: Grupo de Espiritualidad Ignaciana<\/strong>\u00a0 <\/div>\n<div align=\"center\">\n<hr width=\"100%\" size=\"2\" \/><\/div>\n","protected":false},"excerpt":{"rendered":"<div class=\"mh-excerpt\"><p>\u00a0\u201cEnam\u00f3rate\u2026 Nada puede importar m\u00e1s que encontrar a Dios\u201d \u00a0 Pedro Arrupe s.j. (Prep\u00f3sito General de la Compa\u00f1\u00eda de Jes\u00fas entre 1965 y 1983) Se <a class=\"mh-excerpt-more\" href=\"https:\/\/www.obispadorqta.org.ar\/v3\/ejercicios-espirituales-ignacianos\/\" title=\"EJERCICIOS ESPIRITUALES IGNACIANOS\">[&#8230;]<\/a><\/p>\n<\/div>","protected":false},"author":1,"featured_media":0,"comment_status":"open","ping_status":"open","sticky":false,"template":"","format":"standard","meta":{"footnotes":""},"categories":[28],"tags":[],"class_list":["post-229","post","type-post","status-publish","format-standard","hentry","category-latest-news"],"_links":{"self":[{"href":"https:\/\/www.obispadorqta.org.ar\/v3\/wp-json\/wp\/v2\/posts\/229","targetHints":{"allow":["GET"]}}],"collection":[{"href":"https:\/\/www.obispadorqta.org.ar\/v3\/wp-json\/wp\/v2\/posts"}],"about":[{"href":"https:\/\/www.obispadorqta.org.ar\/v3\/wp-json\/wp\/v2\/types\/post"}],"author":[{"embeddable":true,"href":"https:\/\/www.obispadorqta.org.ar\/v3\/wp-json\/wp\/v2\/users\/1"}],"replies":[{"embeddable":true,"href":"https:\/\/www.obispadorqta.org.ar\/v3\/wp-json\/wp\/v2\/comments?post=229"}],"version-history":[{"count":0,"href":"https:\/\/www.obispadorqta.org.ar\/v3\/wp-json\/wp\/v2\/posts\/229\/revisions"}],"wp:attachment":[{"href":"https:\/\/www.obispadorqta.org.ar\/v3\/wp-json\/wp\/v2\/media?parent=229"}],"wp:term":[{"taxonomy":"category","embeddable":true,"href":"https:\/\/www.obispadorqta.org.ar\/v3\/wp-json\/wp\/v2\/categories?post=229"},{"taxonomy":"post_tag","embeddable":true,"href":"https:\/\/www.obispadorqta.org.ar\/v3\/wp-json\/wp\/v2\/tags?post=229"}],"curies":[{"name":"wp","href":"https:\/\/api.w.org\/{rel}","templated":true}]}}