{"id":231,"date":"2009-11-30T13:31:15","date_gmt":"2009-11-30T13:31:15","guid":{"rendered":"http:\/\/www.obispadorqta.org.ar\/v3\/llamados-a-reczar-por-nuestra-patria-guion-misa-05-y-06-de-diciembre\/"},"modified":"2009-11-30T13:31:15","modified_gmt":"2009-11-30T13:31:15","slug":"llamados-a-reczar-por-nuestra-patria-guion-misa-05-y-06-de-diciembre","status":"publish","type":"post","link":"https:\/\/www.obispadorqta.org.ar\/v3\/llamados-a-reczar-por-nuestra-patria-guion-misa-05-y-06-de-diciembre\/","title":{"rendered":"Invitaci\u00f3n a rezar por nuestra Patria &#8211; Gui\u00f3n Misa 05 y 06 de diciembre"},"content":{"rendered":"<div align=\"justify\">El pr\u00f3ximo 10 de diciembre asumir\u00e1n legisladores y otros representantes que han sido electos durante este a\u00f1o. Por tal motivo el Obispo Diocesano de Reconquista, Mons. Ram\u00f3n Alfredo Dus, adhiere e invita a toda la Iglesia de Reconquista\u00a0 a unirse al pedido emitido por el Episcopado Argentino en la \u00faltima asamblea plenaria de este a\u00f1o. La propuesta es que en cada Parroquia y Capilla, en las Misas del s\u00e1bado 5 y domingo 6 de diciembre se rece por ellos y por todos los que tienen alguna responsabilidad p\u00fablica, tambi\u00e9n por la situaci\u00f3n de nuestra Patria,  para que juntos renovemos el llamado a comprometernos hacia un Bicentenario en Justicia y Solidaridad (2010-2016), sin pobreza ni exclusi\u00f3n, sin enemistades ni violencias. Reafirmamos que \u201cnuestra patria es un don de Dios confiado a nuestra libertad, como un regalo que debemos cuidar y perfeccionar\u201d (HB11). En ella todos somos corresponsables de la construcci\u00f3n del bien com\u00fan y creceremos sanamente como Naci\u00f3n si afianzamos juntos nuestra identidad.<\/div>\n<div>\n<div align=\"center\"><strong>Gui\u00f3n Misa Segundo Domingo de Adviento<\/strong><\/div>\n<div align=\"center\"> (05 y 06 de diciembre de 2009)<\/div>\n<p><\/p>\n<div align=\"center\"><strong>\u00a0\u201cRenovemos nuestras esperanzas en Jesucristo, Se\u00f1or de la Historia\u201d<\/strong><\/div>\n<\/div>\n<div><strong>Introducci\u00f3n <\/strong><br \/>Dios, quiere que como Juan Bautista, seamos la voz que proclama la salvaci\u00f3n del Se\u00f1or,\u00a0 testimoni\u00e1ndola visiblemente en el mundo.<\/p>\n<p>Y recordando que el pr\u00f3ximo 10 de diciembre asumir\u00e1n legisladores y otros representantes que han sido electos durante este a\u00f1o en Nuestra Patria, recemos en esta misa por ellos y por todos los que tienen alguna responsabilidad p\u00fablica.<\/p>\n<p>Comenzamos esta celebraci\u00f3n cantando: &#8230;&#8230;&#8230;&#8230;&#8230;&#8230;&#8230;&#8230;&#8230;&#8230;&#8230;&#8230;&#8230;&#8230;&#8230;&#8230;&#8230;&#8230;&#8230;&#8230;&#8230;&#8230;&#8230;&#8230;<\/p>\n<\/div>\n<div>\u00a0<\/div>\n<div><strong>Primera Lectura: (Ba 5, 1-9)<\/strong>\u00a0\u00a0\u00a0 <br \/>El canto de gozo del profeta, por el retorno de Israel a su tierra despu\u00e9s del destierro, es tambi\u00e9n hoy nuestro canto de gozo de Pueblo liberado por Jesucristo.<\/p>\n<p><strong>Salmo: (125, 1-6)\u00a0<\/strong>\u00a0 \u00a1Grandes cosas hizo el Se\u00f1or por nosotros! (Incluimos al ant\u00edfona del salmo para que el gu\u00eda acompa\u00f1e a la asamblea, pero no le corresponde introducirlo, ni decir nada respecto a \u00e9l, esto lo hace el salmista!)<\/p>\n<p><strong>Segunda lectura:\u00a0 (Flp 1, 4-11)\u00a0 <\/strong><br \/>Las palabras de san Pablo, nos orientan sobre c\u00f3mo esperar el regreso de Jesucristo.<\/div>\n<div><strong>Evangelio: (Lc 3, 1-6)<\/strong><br \/>Juan Bautista abre paso al Evangelio de Jes\u00fas. Aclamemos con gozo, con el canto del Aleluya, la salvaci\u00f3n que se nos ofrece.<br \/><strong><br \/>Oraci\u00f3n de los fieles:<\/strong> A cada una de las oraciones respondemos: <strong><em>\u201c Esc\u00fachanos Se\u00f1or\u201d<\/em><\/strong><\/p>\n<p>-Que a la Luz del Evangelio experimentemos hondos deseos de vivir en paz y en una convivencia basada en el entendimiento, la justicia y la reconciliaci\u00f3n. Oremos<\/p><\/div>\n<div>-Que con tu Palabra superemos la crisis cultural, moral y religiosa en que estamos inmersos. Oremos<br \/>-Que como Argentinos tomemos conciencia que sin ti estamos como hu\u00e9rfanos y que te necesitamos presente en nuestras acciones. Oremos<\/div>\n<div>-Que construyamos estructuras m\u00e1s justas que consoliden un orden social, pol\u00edtico y econ\u00f3mico, con equidad e inclusi\u00f3n. Oremos<\/div>\n<div>-Que en nuestras familias y comunidades la crueldad y el desprecio por la vida en la violencia delictiva, frecuentemente vinculada al consumo de drogas, no ponga a los j\u00f3venes en el riesgo de perder el sentido de la existencia. Oremos<\/p>\n<p>-Que el bien personal y de los diversos sectores se armonicen con la b\u00fasqueda del bien com\u00fan, y siempre teniendo particularmente en cuenta a los m\u00e1s pobres. Oremos<\/p>\n<p>-Que el individualismo y la falta de sensibilidad frente al sufrimiento del hermano, no nos lleven a un progresivo acostumbramiento y resignaci\u00f3n ante la pobreza y exclusi\u00f3n de muchos. Oremos<\/div>\n<div>\u00a0<\/div>\n<div>(Sugerimos concluir la oraci\u00f3n de los fieles con la oraci\u00f3n por la Patria, rezada por todos)<\/p>\n<div align=\"center\"><strong>Jesucristo, Se\u00f1or de la historia, te necesitamos.<\/strong><br \/><strong>Nos sentimos heridos y agobiados. Precisamos tu alivio y fortaleza.<\/strong><br \/><strong>Queremos ser naci\u00f3n, una naci\u00f3n cuya identidad<\/strong><br \/><strong>sea la pasi\u00f3n por la verdad y el compromiso por el bien com\u00fan.<\/strong><br \/><strong>Danos la valent\u00eda de la libertad de los hijos de Dios<\/strong><br \/><strong>para amar a todos sin excluir a nadie,<\/strong><br \/><strong>privilegiando a los pobres y perdonando a los que nos ofenden,<\/strong><br \/><strong>aborreciendo el odio y construyendo la paz.<\/strong><br \/><strong>Conc\u00e9denos la sabidur\u00eda del di\u00e1logo y la alegr\u00eda de la esperanza que no defrauda.<\/strong><br \/><strong>T\u00fa nos convocas. Aqu\u00ed estamos, Se\u00f1or, cercanos a Mar\u00eda, que desde Luj\u00e1n nos dice:<\/strong><br \/><strong>\u00a1Argentina! \u00a1Canta y camina!<\/strong><br \/><strong>Jesucristo, Se\u00f1or de la historia, te necesitamos.<\/strong><br \/><strong>Am\u00e9n.<\/strong><\/div>\n<\/div>\n<div><strong>Colecta<\/strong><br \/>Igual que las familias y las sociedades, tambi\u00e9n la Iglesia necesita que sus miembros contribuyan voluntariamente con dinero para cumplir la misi\u00f3n encomendada por Cristo. <\/div>\n<div>(aqu\u00ed el coro puede cantar, pero no se anuncia el canto, ya que si la gente tiene que poner la mano en el bolsillo no puede sostener el libro de cantos!!)<br \/><strong><br \/>Presentaci\u00f3n de los dones<\/strong><br \/>Al acercar el pan y el vino renovemos el llamado a comprometernos hacia un Bicentenario de la Patria en Justicia y Solidaridad, sin pobreza ni exclusi\u00f3n, sin enemistades ni violencias.<\/p>\n<p>Cantamos:&#8230;&#8230;&#8230;&#8230;&#8230;&#8230;&#8230;&#8230;&#8230;&#8230;&#8230;&#8230;&#8230;&#8230;&#8230;&#8230;&#8230;&#8230;&#8230;&#8230;&#8230;&#8230;&#8230;&#8230;&#8230;&#8230;&#8230;&#8230;&#8230;&#8230;&#8230;&#8230;&#8230;&#8230;&#8230;&#8230;&#8230;&#8230;&#8230;&#8230;..<\/p>\n<p>\u00a0<br \/><strong>Comuni\u00f3n<\/strong><br \/>Acerqu\u00e9monos a recibir a Jes\u00fas, presente en la Eucarist\u00eda, para que nos fortalezca y nos anime a ser corresponsables de la construcci\u00f3n del bien com\u00fan.<\/p>\n<p>Cantamos:&#8230;&#8230;&#8230;&#8230;&#8230;&#8230;&#8230;&#8230;&#8230;&#8230;&#8230;&#8230;&#8230;&#8230;&#8230;&#8230;&#8230;&#8230;&#8230;&#8230;&#8230;&#8230;&#8230;&#8230;&#8230;&#8230;&#8230;&#8230;&#8230;&#8230;&#8230;&#8230;&#8230;&#8230;&#8230;&#8230;&#8230;&#8230;&#8230;&#8230;..<\/p>\n<p>\u00a0<br \/><strong>Despedida<\/strong><br \/>Dispuestos a construir una patria de hermanos nos retiramos cantando:&#8230;&#8230;&#8230;&#8230;&#8230;&#8230;&#8230;&#8230;..Pedimos a la Virgen de Luj\u00e1n, Patrona de la Argentina, a que nos ayude a seguir construyendo una Patria de Hermanos.<\/div>\n","protected":false},"excerpt":{"rendered":"<div class=\"mh-excerpt\"><div align=\"justify\">El pr\u00f3ximo 10 de diciembre asumir\u00e1n legisladores y otros representantes que han sido electos durante este a\u00f1o. Por tal motivo el Obispo Diocesano de Reconquista, Mons. Ram\u00f3n Alfredo Dus, adhiere e invita a toda la Iglesia de Reconquista\u00a0 a unirse al pedido emitido por el Episcopado Argentino en la \u00faltima asamblea plenaria de este a\u00f1o. La propuesta es que en cada Parroquia y Capilla, en las Misas del s\u00e1bado 5 y domingo 6 de diciembre se rece por ellos y por todos los que tienen alguna responsabilidad p\u00fablica, tambi\u00e9n por la situaci\u00f3n de nuestra Patria, <\/p>\n<\/div>","protected":false},"author":1,"featured_media":0,"comment_status":"open","ping_status":"open","sticky":false,"template":"","format":"standard","meta":{"footnotes":""},"categories":[28],"tags":[],"class_list":["post-231","post","type-post","status-publish","format-standard","hentry","category-latest-news"],"_links":{"self":[{"href":"https:\/\/www.obispadorqta.org.ar\/v3\/wp-json\/wp\/v2\/posts\/231","targetHints":{"allow":["GET"]}}],"collection":[{"href":"https:\/\/www.obispadorqta.org.ar\/v3\/wp-json\/wp\/v2\/posts"}],"about":[{"href":"https:\/\/www.obispadorqta.org.ar\/v3\/wp-json\/wp\/v2\/types\/post"}],"author":[{"embeddable":true,"href":"https:\/\/www.obispadorqta.org.ar\/v3\/wp-json\/wp\/v2\/users\/1"}],"replies":[{"embeddable":true,"href":"https:\/\/www.obispadorqta.org.ar\/v3\/wp-json\/wp\/v2\/comments?post=231"}],"version-history":[{"count":0,"href":"https:\/\/www.obispadorqta.org.ar\/v3\/wp-json\/wp\/v2\/posts\/231\/revisions"}],"wp:attachment":[{"href":"https:\/\/www.obispadorqta.org.ar\/v3\/wp-json\/wp\/v2\/media?parent=231"}],"wp:term":[{"taxonomy":"category","embeddable":true,"href":"https:\/\/www.obispadorqta.org.ar\/v3\/wp-json\/wp\/v2\/categories?post=231"},{"taxonomy":"post_tag","embeddable":true,"href":"https:\/\/www.obispadorqta.org.ar\/v3\/wp-json\/wp\/v2\/tags?post=231"}],"curies":[{"name":"wp","href":"https:\/\/api.w.org\/{rel}","templated":true}]}}