{"id":233,"date":"2009-12-07T18:44:27","date_gmt":"2009-12-07T18:44:27","guid":{"rendered":"http:\/\/www.obispadorqta.org.ar\/v3\/feliz-adviento\/"},"modified":"2009-12-07T18:44:27","modified_gmt":"2009-12-07T18:44:27","slug":"feliz-adviento","status":"publish","type":"post","link":"https:\/\/www.obispadorqta.org.ar\/v3\/feliz-adviento\/","title":{"rendered":"Feliz Adviento!!!"},"content":{"rendered":"<div align=\"center\"><strong style=\"font-size: 16px\">\u00bfQu\u00e9 significa vivir el Adviento?<\/strong><\/div>\n<p><\/p>\n<div align=\"left\"><strong style=\"font-size: 12px\"><a href=\"http:\/\/4.bp.blogspot.com\/_Dl5zl2Tn-es\/Sx1N3PbQu9I\/AAAAAAAAAN8\/vRIE9bRoSzs\/s1600-h\/Adviento.jpg\"><img loading=\"lazy\" decoding=\"async\" src=\"http:\/\/4.bp.blogspot.com\/_Dl5zl2Tn-es\/Sx1N3PbQu9I\/AAAAAAAAAN8\/vRIE9bRoSzs\/s320\/Adviento.jpg\" border=\"0\" width=\"292\" height=\"207\" align=\"left\" \/><\/a><\/strong>El Adviento es estar atentos al Se\u00f1or que viene.<br \/>No es simplemente un momento del A\u00f1o Lit\u00fargico.<br \/>\u00a1\u00a1\u00a1 Es un tiempo de esperanza !!!<\/p>\n<p>\u201c\u00a1Estar despiertos y vigilantes!\u201d<br \/>No es una amenaza.\u00a0 Es una Exhortaci\u00f3n.<br \/>Es una actitud que abarca e ilumina toda la vida del cristiano.<\/div>\n<p>Es un mirar a Jes\u00fas que vino en la historia para ense\u00f1arnos<br \/>a vivir humana y\u00a0 divinamente.<br \/>Que viene en cada pobre y necesitado y vendr\u00e1 al final<br \/>de los tiempos como \u00c9l nos prometi\u00f3.<\/p>\n<div>Cada uno sabe cu\u00e1les son sus \u201cexcesos\u201d.<\/div>\n<div align=\"center\">Ya es hora de despertarnos\u00a0 de nuestra apat\u00eda,<br \/>nuestra indolencia, y es preciso luchar con m\u00e1s decisi\u00f3n<br \/>y arranquemos de ra\u00edz todo aquello que puede desagradar al Se\u00f1or que viene.<\/div>\n<div align=\"center\">\u00a0 <\/div>\n<div align=\"center\">A\u00f1o tras a\u00f1o, al llegar el Adviento, o\u00edmos que es un tiempo de<br \/>cambio y preparaci\u00f3n.<br \/>Pero,\u00a0 \u00bfcambia \u201calgo\u201d en nuestra vida?<\/p>\n<p>Este es el desaf\u00edo de quienes \u201cpretendemos\u201d preparar el camino del Se\u00f1or:<br \/>Cambiar el coraz\u00f3n, cambiar nuestra mentalidad.<br \/>Esta actitud se llama, en el lenguaje religioso: conversi\u00f3n.<\/p>\n<p>El sendero del cristiano ser\u00e1 imitar a Jes\u00fas<br \/>viendo todo lo que podemos hacer para que los desalentados<br \/>y oprimidos reciban\u00a0 una nueva esperanza.<br \/>\u2013 comenzando por nosotros mismos \u2013<\/p>\n<p>Lejos de ceder a la tristeza y al pesimismo,<br \/>al\u00e9grate siempre en el Se\u00f1or,<br \/>porque Jes\u00fas viene a buscar y a salvar lo que estaba perdido.<\/p>\n<p>Algunas veces pareciera que, tanto escuchar y repetir que<br \/>Jes\u00fas es Dios hecho hombre, nos hemos acostumbrado<br \/>a las palabras y no le tomamos el peso de lo que ellas significan.<\/p>\n<p>Preparemos todo nuestro ser para celebrar este<br \/>GRAN MISTERIO: Dios que se hace hombre<br \/>semejante a nosotros, menos en el pecado.<\/p>\n<p>Es una excelente ocasi\u00f3n para mostrarle<br \/>a Jes\u00fas que estamos vigilantes, atentos, activos \u2026<br \/>con las manos en la tarea de amasar un mundo mejor<br \/>y con el coraz\u00f3n ocupado\u00a0 en amar a todos, especialmente a los m\u00e1s necesitados.<\/p>\n<p><strong>Dile, SI, al Se\u00f1or\u00a0 que ya llega para que<\/strong><br \/><strong>nos purifique y nos haga vivir la aut\u00e9ntica<\/strong><br \/><strong>alegr\u00eda de la Navidad<\/strong><\/p>\n<p><strong><em>\u00a1\u00a1\u00a1Feliz Adviento !!!<\/em><\/strong><br \/><strong><em>\u00a1\u00a1\u00a1Ven Se\u00f1or, Jes\u00fas !!!<\/em><\/strong><\/div>\n","protected":false},"excerpt":{"rendered":"<div class=\"mh-excerpt\"><div align=\"center\"><strong style=\"font-size: 16px\">\u00bfQu\u00e9 significa vivir el Adviento?<\/strong><\/div>\n<p><\/p>\n<div align=\"left\"><strong style=\"font-size: 12px\"><a href=\"http:\/\/4.bp.blogspot.com\/_Dl5zl2Tn-es\/Sx1N3PbQu9I\/AAAAAAAAAN8\/vRIE9bRoSzs\/s1600-h\/Adviento.jpg\"><img loading=\"lazy\" decoding=\"async\" src=\"http:\/\/4.bp.blogspot.com\/_Dl5zl2Tn-es\/Sx1N3PbQu9I\/AAAAAAAAAN8\/vRIE9bRoSzs\/s320\/Adviento.jpg\" border=\"0\" width=\"292\" height=\"207\" align=\"left\" \/><\/a><\/strong>El Adviento es estar atentos al Se\u00f1or que viene.<br \/>No es simplemente un momento del A\u00f1o Lit\u00fargico.<br \/>\u00a1\u00a1\u00a1 Es un tiempo de esperanza !!!<\/p>\n<p>\u201c\u00a1Estar despiertos y vigilantes!\u201d<br \/>No es una amenaza.\u00a0 Es una Exhortaci\u00f3n.<br \/>Es una actitud que abarca e ilumina toda la vida del cristiano.<\/div>\n<p>Es un mirar a Jes\u00fas que vino en la historia para ense\u00f1arnos<br \/>a vivir humana y\u00a0 divinamente.<br \/>Que viene en cada pobre y necesitado y vendr\u00e1 al final<br \/>de los tiempos como \u00c9l nos prometi\u00f3.<\/p>\n<div>Cada uno sabe cu\u00e1les son sus \u201cexcesos\u201d.<\/div>\n<div align=\"center\">Ya es hora de despertarnos\u00a0 de nuestra apat\u00eda,<br \/>nuestra indolencia, y es preciso luchar con m\u00e1s decisi\u00f3n<br \/>y arranquemos de ra\u00edz todo aquello que puede desagradar al Se\u00f1or que viene.<\/div>\n<div align=\"center\">\u00a0<\/p>\n<\/div>","protected":false},"author":1,"featured_media":0,"comment_status":"open","ping_status":"open","sticky":false,"template":"","format":"standard","meta":{"footnotes":""},"categories":[28],"tags":[],"class_list":["post-233","post","type-post","status-publish","format-standard","hentry","category-latest-news"],"_links":{"self":[{"href":"https:\/\/www.obispadorqta.org.ar\/v3\/wp-json\/wp\/v2\/posts\/233","targetHints":{"allow":["GET"]}}],"collection":[{"href":"https:\/\/www.obispadorqta.org.ar\/v3\/wp-json\/wp\/v2\/posts"}],"about":[{"href":"https:\/\/www.obispadorqta.org.ar\/v3\/wp-json\/wp\/v2\/types\/post"}],"author":[{"embeddable":true,"href":"https:\/\/www.obispadorqta.org.ar\/v3\/wp-json\/wp\/v2\/users\/1"}],"replies":[{"embeddable":true,"href":"https:\/\/www.obispadorqta.org.ar\/v3\/wp-json\/wp\/v2\/comments?post=233"}],"version-history":[{"count":0,"href":"https:\/\/www.obispadorqta.org.ar\/v3\/wp-json\/wp\/v2\/posts\/233\/revisions"}],"wp:attachment":[{"href":"https:\/\/www.obispadorqta.org.ar\/v3\/wp-json\/wp\/v2\/media?parent=233"}],"wp:term":[{"taxonomy":"category","embeddable":true,"href":"https:\/\/www.obispadorqta.org.ar\/v3\/wp-json\/wp\/v2\/categories?post=233"},{"taxonomy":"post_tag","embeddable":true,"href":"https:\/\/www.obispadorqta.org.ar\/v3\/wp-json\/wp\/v2\/tags?post=233"}],"curies":[{"name":"wp","href":"https:\/\/api.w.org\/{rel}","templated":true}]}}