{"id":2373,"date":"2020-10-13T08:15:00","date_gmt":"2020-10-13T11:15:00","guid":{"rendered":"http:\/\/www.obispadorqta.org.ar\/v3\/?p=2373"},"modified":"2020-10-14T11:02:26","modified_gmt":"2020-10-14T14:02:26","slug":"2373-2","status":"publish","type":"post","link":"https:\/\/www.obispadorqta.org.ar\/v3\/2373-2\/","title":{"rendered":"AVISOS PARROQUIALES"},"content":{"rendered":"<h3 style=\"text-align: justify;\"><span style=\"color: #333399;\"><strong>PARROQUIA \u00abINMACULADA CONCEPCI\u00d3N\u00bb &#8211; RECONQUISTA<\/strong><\/span><\/h3>\n<p><span style=\"color: #000000;\"><strong>MARTES A VIERNES EN CATEDRAL<\/strong> <\/span><br \/>\n<em><span style=\"color: #000000;\">-POR LA MA\u00d1ANA: <\/span><\/em><br \/>\n<span style=\"color: #000000;\">MISA: 8:30 HORAS- ADORACION: 9 A 12 HORAS <\/span><br \/>\n<span style=\"color: #000000;\"><em>-POR LA TARDE:<\/em> <\/span><br \/>\n<span style=\"color: #000000;\">ADORACION: 16 A 18:30 HORAS MISA: 19:00 HORAS <\/span><\/p>\n<p><span style=\"color: #000000;\"><strong>SABADO 17 DE OCTUBRE DE 2020<\/strong> <\/span><br \/>\n<span style=\"color: #000000;\"><em>&#8211; POR LA MA\u00d1ANA:<\/em> <\/span><br \/>\n<span style=\"color: #000000;\">MISA EN CATEDRAL: 8:30 HORAS <\/span><br \/>\n<span style=\"color: #000000;\"><em>-POR LA TARDE:<\/em> <\/span><br \/>\n<span style=\"color: #000000;\">BAUTISMOS EN CATEDRAL: 16 Y 17 HORAS <\/span><br \/>\n<span style=\"color: #000000;\">BAUTISMOS EN CAPILLA TRANSFIGURACION DEL SE\u00d1OR: 16 Y 17 HORAS <\/span><br \/>\n<span style=\"color: #000000;\">MISA EN CAPILLA ESPIRITU SANTO (B\u00ba SAN MARTIN): 18 HORAS <\/span><br \/>\n<span style=\"color: #000000;\">MISA EN CATEDRAL: 19 HORAS <\/span><\/p>\n<p><span style=\"color: #000000;\"><strong>DOMINGO 18 DE OCTUBRE DE 2020<\/strong> <\/span><br \/>\n<span style=\"color: #000000;\"><em>-POR LA MA\u00d1ANA:<\/em> <\/span><br \/>\n<span style=\"color: #000000;\">MISA EN CATEDRAL: 8:30 HORAS <\/span><br \/>\n<span style=\"color: #000000;\"><em>-POR LA TARDE:<\/em> <\/span><br \/>\n<span style=\"color: #000000;\">MISA EN CAPILLA VIRGEN DE ITATI (BARRIO SARMIENTO): 18 HORAS <\/span><br \/>\n<span style=\"color: #000000;\">MISA EN CATEDRAL: 19:00 HORAS <\/span><\/p>\n<p><em><strong><span style=\"color: #000000;\">Para asistir a las misas en Catedral anotarse en Secretaria Parroquial \u00f3 llamar al N\u00ba 429204.<\/span><\/strong><\/em><\/p>\n<h3><span style=\"color: #333399;\"><strong>PARROQUIA \u00abNUESTRA SE\u00d1ORA DE LA MERCED\u00bb &#8211; AVELLANEDA<\/strong><\/span><\/h3>\n<h2><img loading=\"lazy\" decoding=\"async\" class=\"ji94ytn4 r9f5tntg d2edcug0\" src=\"https:\/\/scontent.fres2-1.fna.fbcdn.net\/v\/t1.0-9\/121495064_5175656832451855_5044581456774200529_n.jpg?_nc_cat=106&amp;_nc_sid=730e14&amp;_nc_ohc=N6yJmGXaKiIAX9jJL8G&amp;_nc_ht=scontent.fres2-1.fna&amp;oh=b171484d609d9007bfacf46f6f29bc71&amp;oe=5FADF8FE\" width=\"543\" height=\"438\" \/><\/h2>\n<h3><strong><span style=\"color: #333399;\">PARROQUIA \u00abMAR\u00cdA MADRE DE DIOS\u00bb &#8211; RECONQUISTA<\/span><\/strong><\/h3>\n<p><strong><span style=\"color: #000000;\">ACTIVIDADES PASTORALES \u2013 ESTABLES COMUNIDADES\u00a0<\/span><\/strong><\/p>\n<p><strong>LUNES<\/strong><br \/>\nGrupo Juvenil \u2013 Emmanuel<br \/>\nTemplo Parroquial &#8211; 20:30 hs.<\/p>\n<p><strong>MARTES<\/strong><br \/>\nProfundizaci\u00f3n de Palabra de Dios \u2013 CoByM &#8211; Barrio Parque &#8211; 15:00 hs.<br \/>\nProfundizaci\u00f3n de Palabra de Dios \u2013 CoByM &#8211; Barrio Lanceros &#8211; 18:30 hs.<\/p>\n<p><strong>MI\u00c9RCOLES<\/strong><br \/>\nVisita Familiar y Bendici\u00f3n de Casa \u2013 CoByM &#8211; Barrio Guadalupe &#8211; 17:30 hs.<br \/>\nVisita Misionera Mariana \u2013 Ntra.\u00a0 Se\u00f1ora de Luj\u00e1n Barrio Luj\u00e1n &#8211; 17:00 hs.<\/p>\n<p><strong>JUEVES<\/strong><br \/>\nProfundizaci\u00f3n de Palabra de Dios \u2013 CoByM &#8211; Templo Parroquial &#8211; 15:00 hs.<br \/>\nMonaguillos &#8211; Templo Parroquial &#8211; 18:00 hs.<\/p>\n<p><strong>VIERNES<\/strong><br \/>\nVisita Familiar y Bendici\u00f3n de Casa \u2013 CoByM Barrio Itat\u00ed &#8211; 10:00 hs.<br \/>\nVisita misionera Mariana \u2013 Nuestra Se\u00f1ora del Perpetuo Socorro &#8211; Barrio Hospital \u2013 17:00 hs.<br \/>\nProfundizaci\u00f3n de Palabra de Dios \u2013 CoByM Barrio Moreno \u2013 17:00 hs.<\/p>\n<p><strong>S\u00c1BADOS<\/strong><br \/>\nVisita Familiar y Bendici\u00f3n de Casa \u2013 CoByM- Barrio Nuevo \u2013 09:00 hs.<br \/>\nGrupo Juvenil \u2013 Huellas 15:00 a 17:00 hs.<br \/>\nVisita Misionera \u2013 CoByM B. Guadalupe \u2013 17:00 hs.<\/p>\n<p><strong>EXPOSICI\u00d3N DEL SANT\u00cdSIMOS SACRAMENTO DE LA EUCARIST\u00cdA<\/strong><br \/>\nBarrio Moreno Capilla \u201cSAGRADO CORAZ\u00d3N DE JES\u00daS\u201d\u00a0 \u00a0 \u00a0 \u00a0 \u00a0 \u00a0 \u00a0 \u00a0 \u00a0 \u00a0 \u00a0 \u00a0 \u00a0 LUNES A VIERNES 09:00 \u2013 10:00<br \/>\nBarrio Hospital Templo Parroquial \u201cMAR\u00cdA MADRE DE DIOS\u201d\u00a0 \u00a0 \u00a0 \u00a0 \u00a0 \u00a0 MARTES Y JUEVES 08:30 \u2013 12:00<\/p>\n<p><strong>CELEBRACIONES BAUTISMALES DURANTE EL MES<\/strong><\/p>\n<p><strong>TEMPLO PARROQUIAL \u201cMAR\u00cdA MADRE DE DIOS\u201d BARRIO HOSPITAL<\/strong><br \/>\nPRIMER DOMINGO 09:30<br \/>\nTERCER S\u00c1BADO 16:00<\/p>\n<p><strong>Barrio Nuevo CAPILLA \u201cSANTA RITA\u201d<\/strong><br \/>\nPRIMER S\u00c1BADO 16:00<br \/>\nTERCER DOMINGO 09:30<\/p>\n<p><strong>Barrio Itat\u00ed CAPILLA \u201cNUESTRA SE\u00d1OR DE ITAT\u00cd\u201d<\/strong><br \/>\nCUARTO VIERNES 19:30<\/p>\n<p><strong>BARRIO GUADALUPE CAPILLA\u201cNUESTRA SE\u00d1ORA DE GUADALUPE\u201d<\/strong><br \/>\nSEGUNDO S\u00c1BADO 16:00<\/p>\n<p><strong>Barrio Lanceros CAPILLA \u201cNUESTRA SE\u00d1ORA DE LA PAZ\u201d<\/strong><br \/>\nSEGUNDO DOMINGO 09:30<\/p>\n<h3><span style=\"color: #333399;\"><strong style=\"text-align: justify;\">PARROQUIA \u00abSAN ROQUE\u00bb &#8211; RECONQUISTA<\/strong><\/span><\/h3>\n<h3><\/h3>\n<h3><span style=\"color: #000080;\"><strong>PARROQUIA \u00abSAN LUIS GONZAGA\u00bb &#8211; CALCHAQU\u00cd<\/strong><\/span><\/h3>\n<p style=\"text-align: justify;\"><img loading=\"lazy\" decoding=\"async\" class=\"ji94ytn4 r9f5tntg d2edcug0\" src=\"https:\/\/scontent.fres2-1.fna.fbcdn.net\/v\/t1.0-9\/120943778_3386260151472499_5929629535869330337_n.jpg?_nc_cat=105&amp;_nc_sid=730e14&amp;_nc_ohc=rbjhWsnLlK0AX9u_9z4&amp;_nc_ht=scontent.fres2-1.fna&amp;oh=6158177bdd32df9711e055b5914ab29d&amp;oe=5FAD0FF5\" width=\"530\" height=\"298\" \/><\/p>\n<h2><img loading=\"lazy\" decoding=\"async\" class=\"spotlight\" src=\"https:\/\/scontent.fres2-1.fna.fbcdn.net\/v\/t1.0-9\/119460865_3296433880455127_7954129478375100994_n.jpg?_nc_cat=108&amp;_nc_sid=8024bb&amp;_nc_ohc=0I68xqVg2WEAX_1bdCB&amp;_nc_ht=scontent.fres2-1.fna&amp;oh=45f25de046abd7d9497c19f7e651c32e&amp;oe=5F8AA4C0\" alt=\"La imagen puede contener: 1 persona, texto que dice &quot;Bautismos Parroquia de Calchaqui Todos los domingos en dos horarios: A las 10:00 A las 11:00 Anotarse en Secretar\u00eda Parroquial de lunes a viernes.&quot;\" width=\"520\" height=\"292\" aria-busy=\"true\" \/><\/h2>\n<h2><img loading=\"lazy\" decoding=\"async\" class=\"spotlight\" src=\"https:\/\/scontent.fres2-1.fna.fbcdn.net\/v\/t1.0-9\/119142991_3296429523788896_162730000564701421_n.jpg?_nc_cat=105&amp;_nc_sid=8024bb&amp;_nc_ohc=Q1vVtf12DfYAX910HbB&amp;_nc_ht=scontent.fres2-1.fna&amp;oh=5493f98dc00df5964025f9c85c5216a6&amp;oe=5F88DD62\" alt=\"La imagen puede contener: texto que dice &quot;Cadena de oraci\u00f3n con el Santo Rosario Parroquia de Calchaqu\u00ed Todos los jueves de 8:00 a 20:00. En cada casa, individualmente o en familia. sadae Anotarse con Luli Diez&quot;\" width=\"500\" height=\"282\" aria-busy=\"false\" \/><\/h2>\n<h3><\/h3>\n<h3 style=\"text-align: justify;\"><span style=\"color: #000080;\"><strong>PARROQUIA \u00abSAN ROQUE\u00bb &#8211; MARGARITA<\/strong><\/span><\/h3>\n<p><img loading=\"lazy\" decoding=\"async\" class=\"spotlight\" src=\"https:\/\/scontent.fcnq2-2.fna.fbcdn.net\/v\/t1.0-9\/88959880_2941811909246523_4895469020368601088_n.jpg?_nc_cat=109&amp;_nc_sid=8024bb&amp;_nc_ohc=_E3p_3NDSD8AX8GOP78&amp;_nc_ht=scontent.fcnq2-2.fna&amp;oh=54c507517b7bee08e55013b3e12efd36&amp;oe=5EA4AD5D\" alt=\"\" width=\"731\" height=\"548\" \/><img loading=\"lazy\" decoding=\"async\" class=\"i09qtzwb n7fi1qx3 datstx6m pmk7jnqg j9ispegn kr520xx4 k4urcfbm bixrwtb6\" src=\"https:\/\/scontent.fres2-1.fna.fbcdn.net\/v\/t1.0-0\/p180x540\/121166114_3504408499653525_267982016776348976_n.jpg?_nc_cat=100&amp;_nc_sid=730e14&amp;_nc_ohc=UUibH5hw7sIAX9J627o&amp;_nc_ht=scontent.fres2-1.fna&amp;tp=6&amp;oh=4b1312a644286c98fea9d93bebfebbf7&amp;oe=5FAAE4E4\" alt=\"La imagen puede contener: texto que dice &quot;NUEVO HORARIO DE MISAS S\u00c1BADO 10 DE OCTUBRE 19 HS EN EL TEMPLO DOMINGO 11 DE OCTUBRE 9.30 HS EN CAPILLA LA NICOLASA PARA TODAS LAS COLONIAS 19.00 HS MISA EN EL TEMPLO Y POR CANAL 2 MI\u00c9RCOLES 14 DE OCTUBRE 19.00 HS EN EL TEMPLO Y POR CANAL 2 LAS MISAS SER\u00c1N CON 30 PERSONAS RESPETANDO EL PROTOCOLO.&quot;\" width=\"720\" height=\"540\" \/><\/p>\n<h3 style=\"text-align: justify;\"><span style=\"color: #000080;\"><strong>PARROQUIA \u00abNUESTRA SE\u00d1ORA DEL HUERTO\u00bb &#8211; MALABRIGO<\/strong><\/span><\/h3>\n<h2><\/h2>\n<h3 style=\"text-align: justify;\"><span style=\"color: #000080;\"><strong>PARROQUIA \u00abSAGRADO CORAZ\u00d3N DE JES\u00daS\u00bb &#8211; ROMANG<\/strong><\/span><\/h3>\n<div class=\"text_exposed_show\">\n<p style=\"text-align: justify;\">\n<\/div>\n<h3><span style=\"color: #000080;\"><strong>PARROQUIA \u00abSAN JOS\u00c9\u00bb &#8211; RECONQUISTA<\/strong><\/span><\/h3>\n","protected":false},"excerpt":{"rendered":"<div class=\"mh-excerpt\"><p>PARROQUIA \u00abINMACULADA CONCEPCI\u00d3N\u00bb &#8211; RECONQUISTA MARTES A VIERNES EN CATEDRAL -POR LA MA\u00d1ANA: MISA: 8:30 HORAS- ADORACION: 9 A 12 HORAS -POR LA TARDE: ADORACION: <a class=\"mh-excerpt-more\" href=\"https:\/\/www.obispadorqta.org.ar\/v3\/2373-2\/\" title=\"AVISOS PARROQUIALES\">[&#8230;]<\/a><\/p>\n<\/div>","protected":false},"author":3,"featured_media":1998,"comment_status":"closed","ping_status":"closed","sticky":false,"template":"","format":"standard","meta":{"footnotes":""},"categories":[6,28],"tags":[],"class_list":["post-2373","post","type-post","status-publish","format-standard","has-post-thumbnail","hentry","category-news","category-latest-news"],"_links":{"self":[{"href":"https:\/\/www.obispadorqta.org.ar\/v3\/wp-json\/wp\/v2\/posts\/2373","targetHints":{"allow":["GET"]}}],"collection":[{"href":"https:\/\/www.obispadorqta.org.ar\/v3\/wp-json\/wp\/v2\/posts"}],"about":[{"href":"https:\/\/www.obispadorqta.org.ar\/v3\/wp-json\/wp\/v2\/types\/post"}],"author":[{"embeddable":true,"href":"https:\/\/www.obispadorqta.org.ar\/v3\/wp-json\/wp\/v2\/users\/3"}],"replies":[{"embeddable":true,"href":"https:\/\/www.obispadorqta.org.ar\/v3\/wp-json\/wp\/v2\/comments?post=2373"}],"version-history":[{"count":541,"href":"https:\/\/www.obispadorqta.org.ar\/v3\/wp-json\/wp\/v2\/posts\/2373\/revisions"}],"predecessor-version":[{"id":5836,"href":"https:\/\/www.obispadorqta.org.ar\/v3\/wp-json\/wp\/v2\/posts\/2373\/revisions\/5836"}],"wp:featuredmedia":[{"embeddable":true,"href":"https:\/\/www.obispadorqta.org.ar\/v3\/wp-json\/wp\/v2\/media\/1998"}],"wp:attachment":[{"href":"https:\/\/www.obispadorqta.org.ar\/v3\/wp-json\/wp\/v2\/media?parent=2373"}],"wp:term":[{"taxonomy":"category","embeddable":true,"href":"https:\/\/www.obispadorqta.org.ar\/v3\/wp-json\/wp\/v2\/categories?post=2373"},{"taxonomy":"post_tag","embeddable":true,"href":"https:\/\/www.obispadorqta.org.ar\/v3\/wp-json\/wp\/v2\/tags?post=2373"}],"curies":[{"name":"wp","href":"https:\/\/api.w.org\/{rel}","templated":true}]}}