{"id":238,"date":"2010-02-09T12:12:52","date_gmt":"2010-02-09T12:12:52","guid":{"rendered":"http:\/\/www.obispadorqta.org.ar\/v3\/xv-acampada-espiritual-diocesana\/"},"modified":"2010-02-09T12:12:52","modified_gmt":"2010-02-09T12:12:52","slug":"xv-acampada-espiritual-diocesana","status":"publish","type":"post","link":"https:\/\/www.obispadorqta.org.ar\/v3\/xv-acampada-espiritual-diocesana\/","title":{"rendered":"XV Acampada Espiritual Diocesana"},"content":{"rendered":"<p><!--[if gte mso 9]><xml>  <w:WordDocument>   <w:View>Normal<\/w:View>   <w:Zoom>0<\/w:Zoom>   <w:HyphenationZone>21<\/w:HyphenationZone>   <w:PunctuationKerning\/>   <w:ValidateAgainstSchemas\/>   <w:SaveIfXMLInvalid>false<\/w:SaveIfXMLInvalid>   <w:IgnoreMixedContent>false<\/w:IgnoreMixedContent>   <w:AlwaysShowPlaceholderText>false<\/w:AlwaysShowPlaceholderText>   <w:Compatibility>    <w:BreakWrappedTables\/>    <w:SnapToGridInCell\/>    <w:WrapTextWithPunct\/>    <w:UseAsianBreakRules\/>    <w:DontGrowAutofit\/>   <\/w:Compatibility>   <w:BrowserLevel>MicrosoftInternetExplorer4<\/w:BrowserLevel>  <\/w:WordDocument> <\/xml><![endif]--><!--[if gte mso 9]><xml>  <w:LatentStyles DefLockedState=\"false\" LatentStyleCount=\"156\">  <\/w:LatentStyles> <\/xml><![endif]--><!--[if !mso]>\n\n<div   classid=\"clsid:38481807-CA0E-42D2-BF39-B33AF135CC4D\" id=ieooui><\/div>\n\n \n\n<style> st1\\:*{behavior:url(#ieooui) } <\/style>\n\n <![endif]--> <!--  \/* Font Definitions *\/  @font-face \t{font-family:Tahoma; \tpanose-1:2 11 6 4 3 5 4 4 2 4; \tmso-font-charset:0; \tmso-generic-font-family:swiss; \tmso-font-pitch:variable; \tmso-font-signature:1627421319 -2147483648 8 0 66047 0;}  \/* Style Definitions *\/  p.MsoNormal, li.MsoNormal, div.MsoNormal \t{mso-style-parent:\"\"; \tmargin:0cm; \tmargin-bottom:.0001pt; \tmso-pagination:widow-orphan; \tfont-size:12.0pt; \tfont-family:\"Times New Roman\"; \tmso-fareast-font-family:\"Times New Roman\";} p \t{margin-top:7.5pt; \tmargin-right:0cm; \tmargin-bottom:7.5pt; \tmargin-left:0cm; \tmso-pagination:widow-orphan; \tfont-size:12.0pt; \tfont-family:\"Times New Roman\"; \tmso-fareast-font-family:\"Times New Roman\";} @page Section1 \t{size:612.0pt 792.0pt; \tmargin:70.85pt 3.0cm 70.85pt 3.0cm; \tmso-header-margin:36.0pt; \tmso-footer-margin:36.0pt; \tmso-paper-source:0;} div.Section1 \t{page:Section1;} --> <!--[if gte mso 10]> \n\n<style>  \/* Style Definitions *\/  table.MsoNormalTable \t{mso-style-name:\"Tabla normal\"; \tmso-tstyle-rowband-size:0; \tmso-tstyle-colband-size:0; \tmso-style-noshow:yes; \tmso-style-parent:\"\"; \tmso-padding-alt:0cm 5.4pt 0cm 5.4pt; \tmso-para-margin:0cm; \tmso-para-margin-bottom:.0001pt; \tmso-pagination:widow-orphan; \tfont-size:10.0pt; \tfont-family:\"Times New Roman\"; \tmso-ansi-language:#0400; \tmso-fareast-language:#0400; \tmso-bidi-language:#0400;} <\/style>\n\n <![endif]-->  <\/p>\n<p style=\"text-align: justify\"><font face=\"tahoma,arial,helvetica,sans-serif\" color=\"#999999\"><span style=\"font-family: Tahoma; font-size: 10pt; color: black\"> <\/span><\/font><\/p>\n<div align=\"center\"><!--[if gte mso 9]><xml>  <w:WordDocument>   <w:View>Normal<\/w:View>   <w:Zoom>0<\/w:Zoom>   <w:HyphenationZone>21<\/w:HyphenationZone>   <w:PunctuationKerning\/>   <w:ValidateAgainstSchemas\/>   <w:SaveIfXMLInvalid>false<\/w:SaveIfXMLInvalid>   <w:IgnoreMixedContent>false<\/w:IgnoreMixedContent>   <w:AlwaysShowPlaceholderText>false<\/w:AlwaysShowPlaceholderText>   <w:Compatibility>    <w:BreakWrappedTables\/>    <w:SnapToGridInCell\/>    <w:WrapTextWithPunct\/>    <w:UseAsianBreakRules\/>    <w:DontGrowAutofit\/>   <\/w:Compatibility>   <w:BrowserLevel>MicrosoftInternetExplorer4<\/w:BrowserLevel>  <\/w:WordDocument> <\/xml><![endif]--><!--[if gte mso 9]><xml>  <w:LatentStyles DefLockedState=\"false\" LatentStyleCount=\"156\">  <\/w:LatentStyles> <\/xml><![endif]--> <!--  \/* Font Definitions *\/  @font-face \t{font-family:Tahoma; \tpanose-1:2 11 6 4 3 5 4 4 2 4; \tmso-font-charset:0; \tmso-generic-font-family:swiss; \tmso-font-pitch:variable; \tmso-font-signature:1627421319 -2147483648 8 0 66047 0;}  \/* Style Definitions *\/  p.MsoNormal, li.MsoNormal, div.MsoNormal \t{mso-style-parent:\"\"; \tmargin:0cm; \tmargin-bottom:.0001pt; \tmso-pagination:widow-orphan; \tfont-size:12.0pt; \tfont-family:\"Times New Roman\"; \tmso-fareast-font-family:\"Times New Roman\"; \tmso-ansi-language:ES-AR; \tmso-fareast-language:ES-TRAD;} @page Section1 \t{size:612.0pt 792.0pt; \tmargin:70.85pt 3.0cm 70.85pt 3.0cm; \tmso-header-margin:36.0pt; \tmso-footer-margin:36.0pt; \tmso-paper-source:0;} div.Section1 \t{page:Section1;} --><em><strong>\u201cNavega mar adentro, y echen las redes\u201d <a href=\"http:\/\/4.bp.blogspot.com\/_Dl5zl2Tn-es\/S3P1yuKsGzI\/AAAAAAAAAPc\/y0Q95YM4n8E\/s1600-h\/XV+Acampada+Espirtual+Diocesana+de+J\u00c3\u00b3venes+073.jpg\"><img loading=\"lazy\" decoding=\"async\" src=\"http:\/\/4.bp.blogspot.com\/_Dl5zl2Tn-es\/S3P1yuKsGzI\/AAAAAAAAAPc\/y0Q95YM4n8E\/s320\/XV+Acampada+Espirtual+Diocesana+de+J%C3%B3venes+073.jpg\" border=\"0\" width=\"139\" height=\"184\" align=\"left\" \/><\/a>  <\/strong><\/em><\/div>\n<div align=\"center\">\u00a0<\/div>\n<div>\n<div align=\"center\"> <\/div>\n<\/div>\n<div align=\"justify\"><span style=\"font-size: 10pt; font-family: Tahoma\">El pasado 05, 06 y 07 de febrero del corriente,\u00a0 en el predio de la Escuela \u201cJos\u00e9 Pedroni\u201d N\u00ba 6365 (Ruta Nacional N\u00ba 11 Km. 742) del paraje Las Catalinas, perteneciente a la parroquia de Malabrigo, se realiz\u00f3 la XV Acampada Espiritual Diocesana de J\u00f3venes. <\/span><br \/><span style=\"font-size: 10pt; font-family: Tahoma\">La misma, es organizada por la RCC en colaboraci\u00f3n con grupos de la parroquia y de la di\u00f3cesis. <\/span><br \/> <span style=\"font-size: 10pt; font-family: Tahoma\">En esta oportunidad, fue animada por el Padre N\u00e9stor Vera y la comunidad de vida El Buen Samaritano, quienes tuvieron a cargo las ense\u00f1anzas y la m\u00fasica. <\/span><br \/><span style=\"font-size: 10pt; font-family: Tahoma\">En esta oportunidad el encuentro reuni\u00f3 a mas de 900 j\u00f3venes provenientes de toda nuestra di\u00f3cesis y regi\u00f3n, y de las provincias de Buenos Aires, Formosa, Chaco, Corrientes, Mendoza, San Juan, C\u00f3rdoba, Entre R\u00edos y Santa Fe. <\/span><br \/><span style=\"font-size: 10pt; font-family: Tahoma\">El campamento transcurri\u00f3 en un clima de fiesta y oraci\u00f3n, en el que los j\u00f3venes se encontraron con un Jes\u00fas cercano y amigo, destac\u00e1ndose la alegr\u00eda y la esperanza expresada en el canto, el compartir y el obrar del Esp\u00edritu Santo.<\/span><br \/><span style=\"font-size: 10pt; font-family: Tahoma\">El equipo organizador agradece a todas las personas que colaboraron de una u otra manera, posibilitando la realizaci\u00f3n de este gran encuentro de los j\u00f3venes con Jes\u00fas. <\/span><\/div>\n<div align=\"justify\"><span style=\"font-size: 10pt; font-family: Tahoma\"> <\/span><\/div>\n<div align=\"justify\">\u00a0<\/div>\n<div align=\"justify\">\n<div align=\"justify\"><span style=\"font-size: 10pt; font-family: Tahoma\"><a href=\"http:\/\/3.bp.blogspot.com\/_Dl5zl2Tn-es\/S3P6mOWt6NI\/AAAAAAAAAQc\/iOCq6RuxyM0\/s1600-h\/XV+Acampada+Espirtual+Diocesana+de+J%C3%B3venes+104.jpg\"><img loading=\"lazy\" decoding=\"async\" src=\"http:\/\/3.bp.blogspot.com\/_Dl5zl2Tn-es\/S3P6mOWt6NI\/AAAAAAAAAQc\/iOCq6RuxyM0\/s320\/XV+Acampada+Espirtual+Diocesana+de+J%C3%B3venes+104.jpg\" border=\"0\" width=\"120\" height=\"89\" align=\"left\" \/><\/a> <\/span><\/div>\n<p>  <a href=\"http:\/\/3.bp.blogspot.com\/_Dl5zl2Tn-es\/S3P4TcGwLXI\/AAAAAAAAAPs\/rnL7UQUZma4\/s1600-h\/Acampada.JPG\"><img loading=\"lazy\" decoding=\"async\" src=\"http:\/\/3.bp.blogspot.com\/_Dl5zl2Tn-es\/S3P4TcGwLXI\/AAAAAAAAAPs\/rnL7UQUZma4\/s320\/Acampada.JPG\" border=\"0\" width=\"133\" height=\"99\" align=\"middle\" \/><\/a><a href=\"http:\/\/3.bp.blogspot.com\/_Dl5zl2Tn-es\/S3P4ku3Xb5I\/AAAAAAAAAP0\/N8HUcJ_Dl0Y\/s1600-h\/SDC15207.JPG\"><img loading=\"lazy\" decoding=\"async\" src=\"http:\/\/3.bp.blogspot.com\/_Dl5zl2Tn-es\/S3P4ku3Xb5I\/AAAAAAAAAP0\/N8HUcJ_Dl0Y\/s320\/SDC15207.JPG\" border=\"0\" width=\"150\" height=\"112\" align=\"right\" \/><\/a><a href=\"http:\/\/1.bp.blogspot.com\/_Dl5zl2Tn-es\/S3P4BaISeQI\/AAAAAAAAAPk\/Kv7y6d3igoA\/s1600-h\/Acampada+2.JPG\"><img loading=\"lazy\" decoding=\"async\" src=\"http:\/\/1.bp.blogspot.com\/_Dl5zl2Tn-es\/S3P4BaISeQI\/AAAAAAAAAPk\/Kv7y6d3igoA\/s320\/Acampada+2.JPG\" border=\"0\" width=\"121\" height=\"90\" align=\"left\" \/><\/a><\/div>\n<div align=\"justify\"><span style=\"font-size: 10pt; font-family: Tahoma\"> <\/span><\/div>\n<p><a href=\"http:\/\/1.bp.blogspot.com\/_Dl5zl2Tn-es\/S3P47YAq4YI\/AAAAAAAAAP8\/ov6nFmBRCwM\/s1600-h\/XV+Acampada+Espirtual+Diocesana+de+J%C3%B3venes+037.jpg\"><img loading=\"lazy\" decoding=\"async\" src=\"http:\/\/1.bp.blogspot.com\/_Dl5zl2Tn-es\/S3P47YAq4YI\/AAAAAAAAAP8\/ov6nFmBRCwM\/s320\/XV+Acampada+Espirtual+Diocesana+de+J%C3%B3venes+037.jpg\" border=\"0\" width=\"122\" height=\"92\" align=\"left\" \/><\/a><a href=\"http:\/\/1.bp.blogspot.com\/_Dl5zl2Tn-es\/S3P6WKFLQuI\/AAAAAAAAAQU\/m0fh5WT6AUs\/s1600-h\/XV+Acampada+Espirtual+Diocesana+de+J%C3%B3venes+102.jpg\"><img loading=\"lazy\" decoding=\"async\" src=\"http:\/\/1.bp.blogspot.com\/_Dl5zl2Tn-es\/S3P6WKFLQuI\/AAAAAAAAAQU\/m0fh5WT6AUs\/s320\/XV+Acampada+Espirtual+Diocesana+de+J%C3%B3venes+102.jpg\" border=\"0\" width=\"119\" height=\"90\" \/><\/a><a href=\"http:\/\/1.bp.blogspot.com\/_Dl5zl2Tn-es\/S3P5481UZTI\/AAAAAAAAAQE\/POEjzZHqCyo\/s1600-h\/XV+Acampada+Espirtual+Diocesana+de+J%C3%B3venes+052.jpg\"><img loading=\"lazy\" decoding=\"async\" src=\"http:\/\/1.bp.blogspot.com\/_Dl5zl2Tn-es\/S3P5481UZTI\/AAAAAAAAAQE\/POEjzZHqCyo\/s320\/XV+Acampada+Espirtual+Diocesana+de+J%C3%B3venes+052.jpg\" border=\"0\" width=\"144\" height=\"107\" \/><\/a> <a href=\"http:\/\/1.bp.blogspot.com\/_Dl5zl2Tn-es\/S3P6Hpn98sI\/AAAAAAAAAQM\/M-JNa5R78g4\/s1600-h\/XV+Acampada+Espirtual+Diocesana+de+J%C3%B3venes+080.jpg\"><img loading=\"lazy\" decoding=\"async\" src=\"http:\/\/1.bp.blogspot.com\/_Dl5zl2Tn-es\/S3P6Hpn98sI\/AAAAAAAAAQM\/M-JNa5R78g4\/s320\/XV+Acampada+Espirtual+Diocesana+de+J%C3%B3venes+080.jpg\" border=\"0\" width=\"119\" height=\"159\" \/><\/a><\/p>\n","protected":false},"excerpt":{"rendered":"<div class=\"mh-excerpt\"><p><!--[if gte mso 9]><xml>  <w:WordDocument>   <w:View>Normal<\/w:View>   <w:Zoom>0<\/w:Zoom>   <w:HyphenationZone>21<\/w:HyphenationZone>   <w:PunctuationKerning\/>   <w:ValidateAgainstSchemas\/>   <w:SaveIfXMLInvalid>false<\/w:SaveIfXMLInvalid>   <w:IgnoreMixedContent>false<\/w:IgnoreMixedContent>   <w:AlwaysShowPlaceholderText>false<\/w:AlwaysShowPlaceholderText>   <w:Compatibility>    <w:BreakWrappedTables\/>    <w:SnapToGridInCell\/>    <w:WrapTextWithPunct\/>    <w:UseAsianBreakRules\/>    <w:DontGrowAutofit\/>   <\/w:Compatibility>   <w:BrowserLevel>MicrosoftInternetExplorer4<\/w:BrowserLevel>  <\/w:WordDocument> <\/xml><![endif]--><!--[if gte mso 9]><xml>  <w:LatentStyles DefLockedState=\"false\" LatentStyleCount=\"156\">  <\/w:LatentStyles> <\/xml><![endif]--><!--[if !mso]>\n\n<div   classid=\"clsid:38481807-CA0E-42D2-BF39-B33AF135CC4D\" id=ieooui><\/div>\n\n \n\n<style> st1\\:*{behavior:url(#ieooui) } <\/style>\n\n <![endif]--> <!--  \/* Font Definitions *\/  @font-face \t{font-family:Tahoma; \tpanose-1:2 11 6 4 3 5 4 4 2 4; \tmso-font-charset:0; \tmso-generic-font-family:swiss; \tmso-font-pitch:variable; \tmso-font-signature:1627421319 -2147483648 8 0 66047 0;}  \/* Style Definitions *\/  p.MsoNormal, li.MsoNormal, div.MsoNormal \t{mso-style-parent:\"\"; \tmargin:0cm; \tmargin-bottom:.0001pt; \tmso-pagination:widow-orphan; \tfont-size:12.0pt; \tfont-family:\"Times New Roman\"; \tmso-fareast-font-family:\"Times New Roman\";} p \t{margin-top:7.5pt; \tmargin-right:0cm; \tmargin-bottom:7.5pt; \tmargin-left:0cm; \tmso-pagination:widow-orphan; \tfont-size:12.0pt; \tfont-family:\"Times New Roman\"; \tmso-fareast-font-family:\"Times New Roman\";} @page Section1 \t{size:612.0pt 792.0pt; \tmargin:70.85pt 3.0cm 70.85pt 3.0cm; \tmso-header-margin:36.0pt; \tmso-footer-margin:36.0pt; \tmso-paper-source:0;} div.Section1 \t{page:Section1;} --> <!--[if gte mso 10]> \n\n<style>  \/* Style Definitions *\/  table.MsoNormalTable \t{mso-style-name:\"Tabla normal\"; \tmso-tstyle-rowband-size:0; \tmso-tstyle-colband-size:0; \tmso-style-noshow:yes; \tmso-style-parent:\"\"; \tmso-padding-alt:0cm 5.4pt 0cm 5.4pt; \tmso-para-margin:0cm; \tmso-para-margin-bottom:.0001pt; \tmso-pagination:widow-orphan; \tfont-size:10.0pt; \tfont-family:\"Times New Roman\"; \tmso-ansi-language:#0400; \tmso-fareast-language:#0400; \tmso-bidi-language:#0400;} <\/style>\n\n <![endif]-->  <\/p>\n<p style=\"text-align: justify\"><font face=\"tahoma,arial,helvetica,sans-serif\" color=\"#999999\"><span style=\"font-family: Tahoma; font-size: 10pt; color: black\"> <\/span><\/font><\/p>\n<div align=\"center\"><!--[if gte mso 9]><xml>  <w:WordDocument>   <w:View>Normal<\/w:View>   <w:Zoom>0<\/w:Zoom>   <w:HyphenationZone>21<\/w:HyphenationZone>   <w:PunctuationKerning\/>   <w:ValidateAgainstSchemas\/>   <w:SaveIfXMLInvalid>false<\/w:SaveIfXMLInvalid>   <w:IgnoreMixedContent>false<\/w:IgnoreMixedContent>   <w:AlwaysShowPlaceholderText>false<\/w:AlwaysShowPlaceholderText>   <w:Compatibility>    <w:BreakWrappedTables\/>    <w:SnapToGridInCell\/>    <w:WrapTextWithPunct\/>    <w:UseAsianBreakRules\/>    <w:DontGrowAutofit\/>   <\/w:Compatibility>   <w:BrowserLevel>MicrosoftInternetExplorer4<\/w:BrowserLevel>  <\/w:WordDocument> <\/xml><![endif]--><!--[if gte mso 9]><xml>  <w:LatentStyles DefLockedState=\"false\" LatentStyleCount=\"156\">  <\/w:LatentStyles> <\/xml><![endif]--> <!--  \/* Font Definitions *\/  @font-face \t{font-family:Tahoma; \tpanose-1:2 11 6 4 3 5 4 4 2 4; \tmso-font-charset:0; \tmso-generic-font-family:swiss; \tmso-font-pitch:variable; \tmso-font-signature:1627421319 -2147483648 8 0 66047 0;}  \/* Style Definitions *\/  p.MsoNormal, li.MsoNormal, div.MsoNormal \t{mso-style-parent:\"\"; \tmargin:0cm; \tmargin-bottom:.0001pt; \tmso-pagination:widow-orphan; \tfont-size:12.0pt; \tfont-family:\"Times New Roman\"; \tmso-fareast-font-family:\"Times New Roman\"; \tmso-ansi-language:ES-AR; \tmso-fareast-language:ES-TRAD;} @page Section1 \t{size:612.0pt 792.0pt; \tmargin:70.85pt 3.0cm 70.85pt 3.0cm; \tmso-header-margin:36.0pt; \tmso-footer-margin:36.0pt; \tmso-paper-source:0;} div.Section1 \t{page:Section1;} --><em><strong>\u201cNavega mar adentro, y echen las redes\u201d <a href=\"http:\/\/4.bp.blogspot.com\/_Dl5zl2Tn-es\/S3P1yuKsGzI\/AAAAAAAAAPc\/y0Q95YM4n8E\/s1600-h\/XV+Acampada+Espirtual+Diocesana+de+J\u00c3\u00b3venes+073.jpg\"><img loading=\"lazy\" decoding=\"async\" src=\"http:\/\/4.bp.blogspot.com\/_Dl5zl2Tn-es\/S3P1yuKsGzI\/AAAAAAAAAPc\/y0Q95YM4n8E\/s320\/XV+Acampada+Espirtual+Diocesana+de+J%C3%B3venes+073.jpg\" border=\"0\" width=\"139\" height=\"184\" align=\"left\" \/><\/a>  <\/strong><\/em><\/div>\n<div align=\"center\">\u00a0<\/div>\n<div>\n<div align=\"center\"> <\/div>\n<\/div>\n<div align=\"justify\"><span style=\"font-size: 10pt; font-family: Tahoma\">El pasado 05, 06 y 07 de febrero del corriente,\u00a0 en el predio de la Escuela \u201cJos\u00e9 Pedroni\u201d N\u00ba 6365 (Ruta Nacional N\u00ba 11 Km. 742) del paraje Las Catalinas, perteneciente a la parroquia de Malabrigo, se realiz\u00f3 la XV Acampada Espiritual Diocesana de J\u00f3venes. <\/span><br \/><span style=\"font-size: 10pt; font-family: Tahoma\">La misma, es organizada por la RCC en colaboraci\u00f3n con grupos de la parroquia y de la di\u00f3cesis. <\/span><\/p>\n<\/div>","protected":false},"author":1,"featured_media":0,"comment_status":"open","ping_status":"open","sticky":false,"template":"","format":"standard","meta":{"footnotes":""},"categories":[28],"tags":[],"class_list":["post-238","post","type-post","status-publish","format-standard","hentry","category-latest-news"],"_links":{"self":[{"href":"https:\/\/www.obispadorqta.org.ar\/v3\/wp-json\/wp\/v2\/posts\/238","targetHints":{"allow":["GET"]}}],"collection":[{"href":"https:\/\/www.obispadorqta.org.ar\/v3\/wp-json\/wp\/v2\/posts"}],"about":[{"href":"https:\/\/www.obispadorqta.org.ar\/v3\/wp-json\/wp\/v2\/types\/post"}],"author":[{"embeddable":true,"href":"https:\/\/www.obispadorqta.org.ar\/v3\/wp-json\/wp\/v2\/users\/1"}],"replies":[{"embeddable":true,"href":"https:\/\/www.obispadorqta.org.ar\/v3\/wp-json\/wp\/v2\/comments?post=238"}],"version-history":[{"count":0,"href":"https:\/\/www.obispadorqta.org.ar\/v3\/wp-json\/wp\/v2\/posts\/238\/revisions"}],"wp:attachment":[{"href":"https:\/\/www.obispadorqta.org.ar\/v3\/wp-json\/wp\/v2\/media?parent=238"}],"wp:term":[{"taxonomy":"category","embeddable":true,"href":"https:\/\/www.obispadorqta.org.ar\/v3\/wp-json\/wp\/v2\/categories?post=238"},{"taxonomy":"post_tag","embeddable":true,"href":"https:\/\/www.obispadorqta.org.ar\/v3\/wp-json\/wp\/v2\/tags?post=238"}],"curies":[{"name":"wp","href":"https:\/\/api.w.org\/{rel}","templated":true}]}}