{"id":239,"date":"2010-02-10T13:05:51","date_gmt":"2010-02-10T13:05:51","guid":{"rendered":"http:\/\/www.obispadorqta.org.ar\/v3\/llamados-a-vivir-nuestra-vocacion-de-familia-como-jesus-maria-y-jose\/"},"modified":"2010-02-10T13:05:51","modified_gmt":"2010-02-10T13:05:51","slug":"llamados-a-vivir-nuestra-vocacion-de-familia-como-jesus-maria-y-jose","status":"publish","type":"post","link":"https:\/\/www.obispadorqta.org.ar\/v3\/llamados-a-vivir-nuestra-vocacion-de-familia-como-jesus-maria-y-jose\/","title":{"rendered":"\u201cLlamados a vivir nuestra vocaci\u00f3n de familia como Jes\u00fas, Mar\u00eda y Jos\u00e9\u201d"},"content":{"rendered":"<p align=\"center\"><strong><a href=\"http:\/\/3.bp.blogspot.com\/_Dl5zl2Tn-es\/S3KxVq7QjgI\/AAAAAAAAAPU\/aR_v44AWBhU\/s1600-h\/Cateq.+Espec..JPG\"><img loading=\"lazy\" decoding=\"async\" src=\"http:\/\/3.bp.blogspot.com\/_Dl5zl2Tn-es\/S3KxVq7QjgI\/AAAAAAAAAPU\/aR_v44AWBhU\/s320\/Cateq.+Espec..JPG\" border=\"0\" width=\"150\" height=\"206\" align=\"left\" \/><\/a><\/strong><strong>XVIII campamento Regional de las familias de CATEQUESIS ESPECIAL<\/strong><\/p>\n<p align=\"center\"><strong>12, 13, 14 de Febrero de 2010<\/strong><\/p>\n<p><strong>EQUIPO REGIONAL<\/strong><br \/>El Equipo Regional de Catequesis Especial es un grupo de hermanos que con su Pastoral anuncia el Evangelio hace ya m\u00e1s de treinta a\u00f1os de la misma manera que lo hac\u00eda Jes\u00fas, con obras y palabras en la medida que todos puedan comprenderlas.<br \/>Organiza a\u00f1o a a\u00f1o encuentros, campamentos, peregrinaciones, en los cuales se comparten oraciones, charlas, experiencias de vida y sobre todo la Fe en Jes\u00fas, Dios y Mam\u00e1 Mar\u00eda.<br \/>\u00a0<\/p>\n<p><strong>LAS DI\u00d3CESIS<\/strong><br \/>Los participantes de estos encuentros provienen de las nueves Di\u00f3cesis en que se divide nuestra regi\u00f3n:<br \/>1.\u00a0\u00a0 \u00a0Formosa<br \/>2.\u00a0\u00a0 \u00a0San Roque<br \/>3.\u00a0\u00a0 \u00a0Resistencia<br \/>4.\u00a0\u00a0 \u00a0Reconquista<br \/>5.\u00a0\u00a0 \u00a0Corrientes<br \/>6.\u00a0\u00a0 \u00a0Goya<br \/>7.\u00a0\u00a0 \u00a0Santa Tom\u00e9<br \/>8.\u00a0\u00a0 \u00a0Iguaz\u00fa<br \/>9.\u00a0\u00a0 \u00a0Posadas<\/p>\n<p><strong>UN POCO DE HISTORIA<\/strong><br \/>Uno de los iniciadores de estos campamentos fue el Padre Ezequiel Bula junto a otros catequistas.<br \/>El primero se hizo en la ciudad de Goya, donde alegremente nos lanzamos a este modo de vivir tan especial con Cristo y Mar\u00eda.<br \/>Esta ciudad nos alberg\u00f3 5a\u00f1os m\u00e1s, para despu\u00e9s dar lugar a Resistencia, que lo hizo por 3 a\u00f1os.<br \/>Ella fue la encargada de pasar la posta a su hermana di\u00f3cesis: Corrientes, quien abri\u00f3 sus puertas los siguientes 4 a\u00f1os y donde adem\u00e1s, en ese \u00faltimo por primera vez la misa fue presidida por un Obispo.<br \/>La bendici\u00f3n se propago un a\u00f1o m\u00e1s, pero en esa ocasi\u00f3n fue sede Iguaz\u00fa con el campamento N\u00ba 14. all\u00ed tambi\u00e9n, un a\u00f1o despu\u00e9s, cumplimos los 15 a\u00f1os, disfrutando de su naturaleza.<\/p>\n<p>El a\u00f1o 2009 y por 3 a\u00f1os consecutivos la Di\u00f3cesis de Reconquista tiene la gracia de ser elegida por Pap\u00e1 Dios para brindar a todos su alegr\u00eda de poder compartir este modo de vivir la Fe.<\/p>\n<p>En esta ocasi\u00f3n se realizar\u00e1 esta jornada en la Sociedad Rural de Reconquista.<\/p>\n<p><strong><br \/>JORNADA<\/strong><br \/><strong>Viernes 12\/02\/10<\/strong><br \/>17.00 &#8211; Inscripci\u00f3n<br \/>19.00 &#8211; Bienvenida y Presentaci\u00f3n<br \/>20.00 &#8211; Din\u00e1mica con los patrones de cada di\u00f3cesis<br \/>21.00 &#8211; Cena <br \/>21.30 &#8211; Oraci\u00f3n<\/p>\n<p><strong>S\u00e1bado 13\/02\/10<\/strong><br \/>07.30 \u2013 Levantarse<br \/>08.00 \u2013 Oraci\u00f3n<br \/>08.30 \u2013 Desayuno<br \/>09.30 \u2013 Iniciaci\u00f3n de la Jornada<br \/>11.45 \u2013 Puesta en com\u00fan y celebraci\u00f3n<br \/>12.30 \u2013 Almuerzo<br \/>15.30 \u2013 Tema<br \/>17.30 \u2013 Merienda (llevar los posillos al grupo)<br \/>18.30 \u2013 Puesta en com\u00fan<br \/>21.00 \u2013 Cena con animaci\u00f3n<br \/>23.00 \u2013 Baile<br \/>02.00 \u2013 Oraci\u00f3n<\/p>\n<p><strong>Domingo 14\/02\/10<\/strong><br \/>08.00 \u2013 Levantarse<br \/>09.00 \u2013 Desayuno<br \/>09.45 \u2013 Desarmado de carpas<br \/>10.00 \u2013 Reunirse por di\u00f3cesis <br \/>11.00 \u2013 Misa<br \/>12.30 \u2013 Almuerzo<br \/>14.00 \u2013 Despedida<\/p>\n<div align=\"center\"><strong>ORACI\u00d3N DE LA PERSONA CON CAPACIDADES DIFERENTES<\/strong><\/div>\n<div align=\"center\">\u00a0<\/div>\n<div align=\"center\"><em>Felices los que nos e r\u00eden<br \/>de mi manera de caminar.<\/p>\n<p>Felices los que me ayudan a recoger las cosas<br \/>que se me caen de las manos.<\/p>\n<p>Felices los que repiten con paciencia<br \/>para que yo escuche lo que he o\u00eddo la primera vez.<\/p>\n<p>Felices los que me sirven de callado<br \/>porque mis ojos est\u00e1n en una tiniebla sin aurora.<\/p>\n<p>Felices los que con su sonrisa<br \/>me dan de beber.<\/p>\n<p>Felices los que tienen paciencia<br \/>para interpretar mi tartamudear.<\/p>\n<p>Felices los que descubren que mi vida<br \/>tiene algo que decir.<\/p>\n<p>Felices los que, sin protestar,<br \/>me aceptan tal cual soy.<\/p>\n<p>Felices los que creen que un d\u00eda tambi\u00e9n<br \/>yo ser\u00e9 con ellos bienaventurado<br \/>al lado del Padre Celestial.<\/p>\n<p>Am\u00e9n <br \/><\/em><\/div>\n<p>&nbsp;<\/p>\n","protected":false},"excerpt":{"rendered":"<div class=\"mh-excerpt\"><p align=\"center\"><strong><a href=\"http:\/\/3.bp.blogspot.com\/_Dl5zl2Tn-es\/S3KxVq7QjgI\/AAAAAAAAAPU\/aR_v44AWBhU\/s1600-h\/Cateq.+Espec..JPG\"><img loading=\"lazy\" decoding=\"async\" src=\"http:\/\/3.bp.blogspot.com\/_Dl5zl2Tn-es\/S3KxVq7QjgI\/AAAAAAAAAPU\/aR_v44AWBhU\/s320\/Cateq.+Espec..JPG\" border=\"0\" width=\"150\" height=\"206\" align=\"left\" \/><\/a><\/strong><strong>XVIII campamento Regional de las familias de CATEQUESIS ESPECIAL<\/strong><\/p>\n<p align=\"center\"><strong>12, 13, 14 de Febrero de 2010<\/strong><\/p>\n<p><strong>EQUIPO REGIONAL<\/strong><br \/>El Equipo Regional de Catequesis Especial es un grupo de hermanos que con su Pastoral anuncia el Evangelio hace ya m\u00e1s de treinta a\u00f1os de la misma manera que lo hac\u00eda Jes\u00fas, con obras y palabras en la medida que todos puedan comprenderlas.<br \/>Organiza a\u00f1o a a\u00f1o encuentros, campamentos, peregrinaciones, en los cuales se comparten oraciones, charlas, experiencias de vida y sobre todo la Fe en Jes\u00fas, Dios y Mam\u00e1 Mar\u00eda.<br \/>\u00a0<\/p>\n<\/div>","protected":false},"author":1,"featured_media":0,"comment_status":"open","ping_status":"open","sticky":false,"template":"","format":"standard","meta":{"footnotes":""},"categories":[28],"tags":[],"class_list":["post-239","post","type-post","status-publish","format-standard","hentry","category-latest-news"],"_links":{"self":[{"href":"https:\/\/www.obispadorqta.org.ar\/v3\/wp-json\/wp\/v2\/posts\/239","targetHints":{"allow":["GET"]}}],"collection":[{"href":"https:\/\/www.obispadorqta.org.ar\/v3\/wp-json\/wp\/v2\/posts"}],"about":[{"href":"https:\/\/www.obispadorqta.org.ar\/v3\/wp-json\/wp\/v2\/types\/post"}],"author":[{"embeddable":true,"href":"https:\/\/www.obispadorqta.org.ar\/v3\/wp-json\/wp\/v2\/users\/1"}],"replies":[{"embeddable":true,"href":"https:\/\/www.obispadorqta.org.ar\/v3\/wp-json\/wp\/v2\/comments?post=239"}],"version-history":[{"count":0,"href":"https:\/\/www.obispadorqta.org.ar\/v3\/wp-json\/wp\/v2\/posts\/239\/revisions"}],"wp:attachment":[{"href":"https:\/\/www.obispadorqta.org.ar\/v3\/wp-json\/wp\/v2\/media?parent=239"}],"wp:term":[{"taxonomy":"category","embeddable":true,"href":"https:\/\/www.obispadorqta.org.ar\/v3\/wp-json\/wp\/v2\/categories?post=239"},{"taxonomy":"post_tag","embeddable":true,"href":"https:\/\/www.obispadorqta.org.ar\/v3\/wp-json\/wp\/v2\/tags?post=239"}],"curies":[{"name":"wp","href":"https:\/\/api.w.org\/{rel}","templated":true}]}}