{"id":242,"date":"2010-02-26T11:37:06","date_gmt":"2010-02-26T11:37:06","guid":{"rendered":"http:\/\/www.obispadorqta.org.ar\/v3\/inscripciones-itepare\/"},"modified":"2010-02-26T11:37:06","modified_gmt":"2010-02-26T11:37:06","slug":"inscripciones-itepare","status":"publish","type":"post","link":"https:\/\/www.obispadorqta.org.ar\/v3\/inscripciones-itepare\/","title":{"rendered":"Inscripciones I.TE.PA.RE."},"content":{"rendered":"<p>El <strong>Instituto de Teolog\u00eda y Pastora<\/strong>l de Reconquista, dedicado a la formaci\u00f3n teol\u00f3gico-pastoral de laicos, en el marco de la celebraci\u00f3n de los 25 a\u00f1os de su creaci\u00f3n, invita a la comunidad a inscribirse al ciclo b\u00e1sico que consta de tres a\u00f1os de formaci\u00f3n, y un a\u00f1o opcional de especializaci\u00f3n para quienes hayan aprobado el ciclo b\u00e1sico, sin importar en qu\u00e9 a\u00f1o lo hicieran. Las inscripciones para todos los alumnos de I.TE.PA.RE., se realizaran los d\u00edas lunes, mi\u00e9rcoles y viernes de 08.00 a 12.00, sito en calle mitre N\u00ba 289 de la ciudad de Reconquista.-<\/p>\n","protected":false},"excerpt":{"rendered":"<div class=\"mh-excerpt\"><p>El Instituto de Teolog\u00eda y Pastoral de Reconquista, dedicado a la formaci\u00f3n teol\u00f3gico-pastoral de laicos, en el marco de la celebraci\u00f3n de los 25 a\u00f1os <a class=\"mh-excerpt-more\" href=\"https:\/\/www.obispadorqta.org.ar\/v3\/inscripciones-itepare\/\" title=\"Inscripciones I.TE.PA.RE.\">[&#8230;]<\/a><\/p>\n<\/div>","protected":false},"author":1,"featured_media":0,"comment_status":"open","ping_status":"open","sticky":false,"template":"","format":"standard","meta":{"footnotes":""},"categories":[28],"tags":[],"class_list":["post-242","post","type-post","status-publish","format-standard","hentry","category-latest-news"],"_links":{"self":[{"href":"https:\/\/www.obispadorqta.org.ar\/v3\/wp-json\/wp\/v2\/posts\/242","targetHints":{"allow":["GET"]}}],"collection":[{"href":"https:\/\/www.obispadorqta.org.ar\/v3\/wp-json\/wp\/v2\/posts"}],"about":[{"href":"https:\/\/www.obispadorqta.org.ar\/v3\/wp-json\/wp\/v2\/types\/post"}],"author":[{"embeddable":true,"href":"https:\/\/www.obispadorqta.org.ar\/v3\/wp-json\/wp\/v2\/users\/1"}],"replies":[{"embeddable":true,"href":"https:\/\/www.obispadorqta.org.ar\/v3\/wp-json\/wp\/v2\/comments?post=242"}],"version-history":[{"count":0,"href":"https:\/\/www.obispadorqta.org.ar\/v3\/wp-json\/wp\/v2\/posts\/242\/revisions"}],"wp:attachment":[{"href":"https:\/\/www.obispadorqta.org.ar\/v3\/wp-json\/wp\/v2\/media?parent=242"}],"wp:term":[{"taxonomy":"category","embeddable":true,"href":"https:\/\/www.obispadorqta.org.ar\/v3\/wp-json\/wp\/v2\/categories?post=242"},{"taxonomy":"post_tag","embeddable":true,"href":"https:\/\/www.obispadorqta.org.ar\/v3\/wp-json\/wp\/v2\/tags?post=242"}],"curies":[{"name":"wp","href":"https:\/\/api.w.org\/{rel}","templated":true}]}}