{"id":32,"date":"2016-12-20T11:19:27","date_gmt":"2016-12-20T11:19:27","guid":{"rendered":"http:\/\/www.obispadorqta.org.ar\/v3\/?p=32"},"modified":"2017-04-17T14:13:38","modified_gmt":"2017-04-17T14:13:38","slug":"campana-de-alimentos-y-articulos-de-limpieza-para-el-seminario","status":"publish","type":"post","link":"https:\/\/www.obispadorqta.org.ar\/v3\/campana-de-alimentos-y-articulos-de-limpieza-para-el-seminario\/","title":{"rendered":"CAMPA\u00d1A DE ALIMENTOS Y ART\u00cdCULOS DE LIMPIEZA PARA EL SEMINARIO"},"content":{"rendered":"<p>Como todos los a\u00f1os, realizamos en las di\u00f3cesis la \u201cCampa\u00f1a de Alimentos y Art\u00edculos de Limpieza\u201d para este Seminario. Anualmente, nuestra casa de formaci\u00f3n para los futuros sacerdotes de la regi\u00f3n, se ve altamente beneficiada gracias a la generosidad de los feligreses de las distintas comunidades parroquiales de gran parte del NEA. El pr\u00f3ximo mes de junio corresponder\u00e1 a la Di\u00f3cesis de Reconquista realizar dicha campa\u00f1a entre sus fieles.<\/p>\n","protected":false},"excerpt":{"rendered":"<div class=\"mh-excerpt\"><p>Como todos los a\u00f1os, realizamos en las di\u00f3cesis la \u201cCampa\u00f1a de Alimentos y Art\u00edculos de Limpieza\u201d para este Seminario. Anualmente, nuestra casa de formaci\u00f3n para <a class=\"mh-excerpt-more\" href=\"https:\/\/www.obispadorqta.org.ar\/v3\/campana-de-alimentos-y-articulos-de-limpieza-para-el-seminario\/\" title=\"CAMPA\u00d1A DE ALIMENTOS Y ART\u00cdCULOS DE LIMPIEZA PARA EL SEMINARIO\">[&#8230;]<\/a><\/p>\n<\/div>","protected":false},"author":1,"featured_media":17,"comment_status":"closed","ping_status":"open","sticky":false,"template":"","format":"standard","meta":{"footnotes":""},"categories":[28],"tags":[],"class_list":["post-32","post","type-post","status-publish","format-standard","has-post-thumbnail","hentry","category-latest-news"],"_links":{"self":[{"href":"https:\/\/www.obispadorqta.org.ar\/v3\/wp-json\/wp\/v2\/posts\/32","targetHints":{"allow":["GET"]}}],"collection":[{"href":"https:\/\/www.obispadorqta.org.ar\/v3\/wp-json\/wp\/v2\/posts"}],"about":[{"href":"https:\/\/www.obispadorqta.org.ar\/v3\/wp-json\/wp\/v2\/types\/post"}],"author":[{"embeddable":true,"href":"https:\/\/www.obispadorqta.org.ar\/v3\/wp-json\/wp\/v2\/users\/1"}],"replies":[{"embeddable":true,"href":"https:\/\/www.obispadorqta.org.ar\/v3\/wp-json\/wp\/v2\/comments?post=32"}],"version-history":[{"count":1,"href":"https:\/\/www.obispadorqta.org.ar\/v3\/wp-json\/wp\/v2\/posts\/32\/revisions"}],"predecessor-version":[{"id":33,"href":"https:\/\/www.obispadorqta.org.ar\/v3\/wp-json\/wp\/v2\/posts\/32\/revisions\/33"}],"wp:featuredmedia":[{"embeddable":true,"href":"https:\/\/www.obispadorqta.org.ar\/v3\/wp-json\/wp\/v2\/media\/17"}],"wp:attachment":[{"href":"https:\/\/www.obispadorqta.org.ar\/v3\/wp-json\/wp\/v2\/media?parent=32"}],"wp:term":[{"taxonomy":"category","embeddable":true,"href":"https:\/\/www.obispadorqta.org.ar\/v3\/wp-json\/wp\/v2\/categories?post=32"},{"taxonomy":"post_tag","embeddable":true,"href":"https:\/\/www.obispadorqta.org.ar\/v3\/wp-json\/wp\/v2\/tags?post=32"}],"curies":[{"name":"wp","href":"https:\/\/api.w.org\/{rel}","templated":true}]}}