{"id":3574,"date":"2019-01-03T11:48:20","date_gmt":"2019-01-03T14:48:20","guid":{"rendered":"http:\/\/www.obispadorqta.org.ar\/v3\/?p=3574"},"modified":"2023-08-25T08:13:42","modified_gmt":"2023-08-25T11:13:42","slug":"fechas-tomas-de-posesion","status":"publish","type":"post","link":"https:\/\/www.obispadorqta.org.ar\/v3\/fechas-tomas-de-posesion\/","title":{"rendered":"FECHAS TOMAS DE POSESI\u00d3N"},"content":{"rendered":"<p style=\"text-align: justify;\"><span style=\"color: #000000;\">Informamos a todo el Pueblo de Dios las fechas y horarios de Toma de Posesi\u00f3n de los Curas P\u00e1rrocos \u00faltimamente designados por nuestro Obispo Diocesano, Mosn. \u00c1ngel Jos\u00e9 Mac\u00edn.<\/span><\/p>\n<p style=\"text-align: justify;\"><em><span style=\"color: #000000;\">Jueves 27 de Diciembre de 2018: Toma Posesi\u00f3n en Fort\u00edn Olmos (P. Luciano Molina)<\/span><\/em><\/p>\n<p><u>Para las primeras semanas de 2019:<\/u><\/p>\n<p><strong><span style=\"color: #000000;\">Domingo 10 de Febrero<\/span><\/strong><br \/>\n<span style=\"color: #000000;\">20.00 hs. Toma Posesi\u00f3n en Iglesia Catedral (P. Jorge Duarte Paz)<\/span><\/p>\n<p style=\"text-align: justify;\"><strong><span style=\"color: #000000;\">Viernes 15 de Febrero<\/span><\/strong><br \/>\n<span style=\"color: #000000;\">20.00 hs. Toma Posesi\u00f3n en Inmaculada Concepci\u00f3n, Villa Ocampo (P. Rolando Gonz\u00e1lez)<\/span><\/p>\n<p style=\"text-align: justify;\"><strong><span style=\"color: #000000;\">Domingo 17 de Febrero<\/span><\/strong><br \/>\n<span style=\"color: #000000;\">20.00 hs. Toma Posesi\u00f3n en Ntra. Sra. del Huerto, Malabrigo (P. Gustavo Braidot)<\/span><\/p>\n<p style=\"text-align: justify;\"><strong><span style=\"color: #000000;\">Viernes 1 de Marzo<\/span><\/strong><br \/>\n<span style=\"color: #000000;\">20.00 hs. Toma Posesi\u00f3n en Sagrado Coraz\u00f3n de Jes\u00fas, Romang (P. Fabi\u00e1n Ramos)<\/span><\/p>\n<p style=\"text-align: justify;\"><strong><span style=\"color: #000000;\">S\u00e1bado 2 de Marzo<\/span><\/strong><br \/>\n<span style=\"color: #000000;\">20.00 hs. Toma Posesi\u00f3n en San Roque, Reconquista (P. Germ\u00e1n Vallejos)<\/span><\/p>\n<p style=\"text-align: justify;\"><span style=\"color: #000000;\"><strong>Domingo 3 de Marzo<\/strong>\u00a0<\/span><br \/>\n<span style=\"color: #000000;\">09.00 hs. Toma Posesi\u00f3n en La Encarnaci\u00f3n, La Sarita (P. Efr\u00e9n Agretti)<\/span><\/p>\n<p style=\"text-align: justify;\"><span style=\"color: #000000;\"><strong>Domingo 3 de Marzo<\/strong>\u00a0<\/span><br \/>\n<span style=\"color: #000000;\">20.00 hs. Toma Posesi\u00f3n en Santa Ana, Florencia (P. Adri\u00e1n Fun) y nombramiento del P. Rogelio Bosch como P\u00e1rroco Em\u00e9rito.<\/span><\/p>\n<p style=\"text-align: justify;\"><em><span style=\"color: #000000;\">Presentaci\u00f3n P. Acosta en Vera, a confirmar a su llegada.<\/span><\/em><\/p>\n<p style=\"text-align: justify;\"><span style=\"color: #000000;\">El obispo pide a las comunidades, que acompa\u00f1emos con la oraci\u00f3n a estos sacerdotes, por los nuevos desaf\u00edos que les presentar\u00e1n sus nuevos destinos.<\/span><\/p>\n","protected":false},"excerpt":{"rendered":"<div class=\"mh-excerpt\"><p>Informamos a todo el Pueblo de Dios las fechas y horarios de Toma de Posesi\u00f3n de los Curas P\u00e1rrocos \u00faltimamente designados por nuestro Obispo Diocesano, <a class=\"mh-excerpt-more\" href=\"https:\/\/www.obispadorqta.org.ar\/v3\/fechas-tomas-de-posesion\/\" title=\"FECHAS TOMAS DE POSESI\u00d3N\">[&#8230;]<\/a><\/p>\n<\/div>","protected":false},"author":3,"featured_media":3509,"comment_status":"closed","ping_status":"open","sticky":false,"template":"","format":"standard","meta":{"footnotes":""},"categories":[6,1,28],"tags":[],"class_list":["post-3574","post","type-post","status-publish","format-standard","has-post-thumbnail","hentry","category-news","category-sin-categoria","category-latest-news"],"_links":{"self":[{"href":"https:\/\/www.obispadorqta.org.ar\/v3\/wp-json\/wp\/v2\/posts\/3574","targetHints":{"allow":["GET"]}}],"collection":[{"href":"https:\/\/www.obispadorqta.org.ar\/v3\/wp-json\/wp\/v2\/posts"}],"about":[{"href":"https:\/\/www.obispadorqta.org.ar\/v3\/wp-json\/wp\/v2\/types\/post"}],"author":[{"embeddable":true,"href":"https:\/\/www.obispadorqta.org.ar\/v3\/wp-json\/wp\/v2\/users\/3"}],"replies":[{"embeddable":true,"href":"https:\/\/www.obispadorqta.org.ar\/v3\/wp-json\/wp\/v2\/comments?post=3574"}],"version-history":[{"count":1,"href":"https:\/\/www.obispadorqta.org.ar\/v3\/wp-json\/wp\/v2\/posts\/3574\/revisions"}],"predecessor-version":[{"id":3575,"href":"https:\/\/www.obispadorqta.org.ar\/v3\/wp-json\/wp\/v2\/posts\/3574\/revisions\/3575"}],"wp:featuredmedia":[{"embeddable":true,"href":"https:\/\/www.obispadorqta.org.ar\/v3\/wp-json\/wp\/v2\/media\/3509"}],"wp:attachment":[{"href":"https:\/\/www.obispadorqta.org.ar\/v3\/wp-json\/wp\/v2\/media?parent=3574"}],"wp:term":[{"taxonomy":"category","embeddable":true,"href":"https:\/\/www.obispadorqta.org.ar\/v3\/wp-json\/wp\/v2\/categories?post=3574"},{"taxonomy":"post_tag","embeddable":true,"href":"https:\/\/www.obispadorqta.org.ar\/v3\/wp-json\/wp\/v2\/tags?post=3574"}],"curies":[{"name":"wp","href":"https:\/\/api.w.org\/{rel}","templated":true}]}}