{"id":3613,"date":"2019-01-18T12:00:07","date_gmt":"2019-01-18T12:00:07","guid":{"rendered":"http:\/\/www.obispadorqta.org.ar\/v3\/?p=3613"},"modified":"2019-01-18T12:21:57","modified_gmt":"2019-01-18T12:21:57","slug":"invitacion-a-un-triduo-de-oracion","status":"publish","type":"post","link":"https:\/\/www.obispadorqta.org.ar\/v3\/invitacion-a-un-triduo-de-oracion\/","title":{"rendered":"INVITACI\u00d3N A UN TRIDUO DE ORACI\u00d3N"},"content":{"rendered":"<p style=\"text-align: justify;\"><span style=\"color: #000000;\">Hace ya algunas semanas que en toda la zona del litoral estamos padeciendo las consecuencias de un clima adverso, con abundantes lluvias y todas las complicaciones y sufrimientos que esta situaci\u00f3n provoca.<\/span><\/p>\n<p style=\"text-align: justify;\"><span style=\"color: #000000;\">Muchas personas e instituciones, una vez m\u00e1s, han expresado su solidaridad, de diferentes maneras. Otras, afectadas directamente por las aguas, han mostrado su fortaleza y esp\u00edritu de sacrificio. Me consta, adem\u00e1s, que no son pocos los que encuentran su fuente de consuelo y esperanza en la fe.<\/span><\/p>\n<p style=\"text-align: justify;\"><span style=\"color: #000000;\">Por eso, invito a todos los fieles de la Di\u00f3cesis de Reconquista,<\/span><span style=\"color: #000000;\"> a hacer <strong>un triduo de oraci\u00f3n<\/strong><\/span><strong><span style=\"color: #000000;\"> durante el fin de fin de semana (Viernes 18, s\u00e1bado 19 y Domingo 20), sea en comunidad, antes de la Misa o Celebraci\u00f3n de la Palabra, sea reuni\u00e9ndose en grupos de familias, sea personalmente.<\/span><\/strong><\/p>\n<p style=\"text-align: justify;\"><span style=\"color: #000000;\">Mi sugerencia es que <strong>recemos el Santo Rosario<\/strong>, como lo hac\u00edan nuestros mayores, pidiendo a la Virgen de Itat\u00ed, cuya imagen peregrina est\u00e1 recorriendo nuestra di\u00f3cesis, un clima m\u00e1s benigno y la fortaleza para los campesinos y ganaderos, el consuelo y la esperanza para la gente de los barrios que han perdido parte de sus pertenencias, y \u00e1nimo para quienes est\u00e1n evacuados o sobreviven con el agua y el barro en sus casas.<\/span><\/p>\n<p style=\"text-align: justify;\"><span style=\"color: #000000;\">Cualquier otra iniciativa, como un momento de adoraci\u00f3n al Sant\u00edsimo, una visita a Jes\u00fas Sacramentado, o una vela encendida, tiene su valor. Adem\u00e1s, animo a las comunidades a ser creativos, uniendo oraci\u00f3n con solidaridad. Cualquier otra sugerencia en bien de los dem\u00e1s ser\u00e1 bienvenida.<\/span><\/p>\n<p style=\"text-align: justify;\"><span style=\"color: #000000;\">Hoy podemos predecir con m\u00e1s precisi\u00f3n si continuar\u00e1 o no este fen\u00f3meno, y cuales ser\u00e1n las consecuencias, generando imperceptiblemente una actitud pasiva o de resignaci\u00f3n. Sin embargo, este conocimiento no tiene que ir en detrimento de nuestra fe y nuestra esperanza, porque sabemos que<em> \u00abpara Dios, nada es imposible\u00bb<\/em> (Lc 1,37).<\/span><\/p>\n<p style=\"text-align: justify;\"><span style=\"color: #000000;\">Con afecto sincero<\/span><\/p>\n<p style=\"text-align: right;\"><strong><span style=\"color: #000000;\">+ Mons. \u00c1ngel Jos\u00e9 Mac\u00edn<\/span><\/strong><br \/>\n<span style=\"color: #000000;\">\u00a0 \u00a0 \u00a0Obispo de Reconquista<\/span><\/p>\n<p>&nbsp;<\/p>\n<p>&nbsp;<\/p>\n","protected":false},"excerpt":{"rendered":"<div class=\"mh-excerpt\"><p>Hace ya algunas semanas que en toda la zona del litoral estamos padeciendo las consecuencias de un clima adverso, con abundantes lluvias y todas las <a class=\"mh-excerpt-more\" href=\"https:\/\/www.obispadorqta.org.ar\/v3\/invitacion-a-un-triduo-de-oracion\/\" title=\"INVITACI\u00d3N A UN TRIDUO DE ORACI\u00d3N\">[&#8230;]<\/a><\/p>\n<\/div>","protected":false},"author":3,"featured_media":3620,"comment_status":"closed","ping_status":"open","sticky":false,"template":"","format":"standard","meta":{"footnotes":""},"categories":[6,28],"tags":[],"class_list":["post-3613","post","type-post","status-publish","format-standard","has-post-thumbnail","hentry","category-news","category-latest-news"],"_links":{"self":[{"href":"https:\/\/www.obispadorqta.org.ar\/v3\/wp-json\/wp\/v2\/posts\/3613","targetHints":{"allow":["GET"]}}],"collection":[{"href":"https:\/\/www.obispadorqta.org.ar\/v3\/wp-json\/wp\/v2\/posts"}],"about":[{"href":"https:\/\/www.obispadorqta.org.ar\/v3\/wp-json\/wp\/v2\/types\/post"}],"author":[{"embeddable":true,"href":"https:\/\/www.obispadorqta.org.ar\/v3\/wp-json\/wp\/v2\/users\/3"}],"replies":[{"embeddable":true,"href":"https:\/\/www.obispadorqta.org.ar\/v3\/wp-json\/wp\/v2\/comments?post=3613"}],"version-history":[{"count":5,"href":"https:\/\/www.obispadorqta.org.ar\/v3\/wp-json\/wp\/v2\/posts\/3613\/revisions"}],"predecessor-version":[{"id":3623,"href":"https:\/\/www.obispadorqta.org.ar\/v3\/wp-json\/wp\/v2\/posts\/3613\/revisions\/3623"}],"wp:featuredmedia":[{"embeddable":true,"href":"https:\/\/www.obispadorqta.org.ar\/v3\/wp-json\/wp\/v2\/media\/3620"}],"wp:attachment":[{"href":"https:\/\/www.obispadorqta.org.ar\/v3\/wp-json\/wp\/v2\/media?parent=3613"}],"wp:term":[{"taxonomy":"category","embeddable":true,"href":"https:\/\/www.obispadorqta.org.ar\/v3\/wp-json\/wp\/v2\/categories?post=3613"},{"taxonomy":"post_tag","embeddable":true,"href":"https:\/\/www.obispadorqta.org.ar\/v3\/wp-json\/wp\/v2\/tags?post=3613"}],"curies":[{"name":"wp","href":"https:\/\/api.w.org\/{rel}","templated":true}]}}