{"id":3639,"date":"2019-01-29T14:44:26","date_gmt":"2019-01-29T14:44:26","guid":{"rendered":"http:\/\/www.obispadorqta.org.ar\/v3\/?p=3639"},"modified":"2019-01-29T14:44:39","modified_gmt":"2019-01-29T14:44:39","slug":"80-anos-de-vida-p-rogelio-boch","status":"publish","type":"post","link":"https:\/\/www.obispadorqta.org.ar\/v3\/80-anos-de-vida-p-rogelio-boch\/","title":{"rendered":"80 A\u00f1os de Vida P. Rogelio Bosch"},"content":{"rendered":"<p style=\"text-align: justify;\"><strong><span style=\"color: #000000;\">El d\u00eda 02 de febrero de 2019 el Padre Rogelio Bosch, estar\u00e1 celebrando y dando gracias a Dios por sus 80 a\u00f1os de vida. <\/span><\/strong><\/p>\n<p style=\"text-align: justify;\"><span style=\"color: #000000;\">Por tal motivo la comunidad parroquial de Florencia,\u00a0<\/span><span style=\"color: #000000;\">con mucha alegr\u00eda<\/span><span style=\"color: #000000;\">\u00a0invita a celebrar este grato acontecimiento con la misa de Acci\u00f3n de Gracia que se realizar\u00e1 ese mismo d\u00eda a las 20.30 hs., en el Templo Parroquial.<\/span><\/p>\n<p style=\"text-align: justify;\"><span style=\"color: #000000;\">Luego se llevar\u00e1 a cabo una cena a la canasta en el sal\u00f3n San Joaqu\u00edn.<\/span><\/p>\n<p style=\"text-align: justify;\"><span style=\"color: #000000;\">Agradecemos a Dios por la vida del P. Rogelio, por su verdadero testimonio de vida, por su entrega a Dios y su servicio a toda la Iglesia.<\/span><\/p>\n","protected":false},"excerpt":{"rendered":"<div class=\"mh-excerpt\"><p>El d\u00eda 02 de febrero de 2019 el Padre Rogelio Bosch, estar\u00e1 celebrando y dando gracias a Dios por sus 80 a\u00f1os de vida. Por <a class=\"mh-excerpt-more\" href=\"https:\/\/www.obispadorqta.org.ar\/v3\/80-anos-de-vida-p-rogelio-boch\/\" title=\"80 A\u00f1os de Vida P. Rogelio Bosch\">[&#8230;]<\/a><\/p>\n<\/div>","protected":false},"author":3,"featured_media":3640,"comment_status":"open","ping_status":"open","sticky":false,"template":"","format":"standard","meta":{"footnotes":""},"categories":[28],"tags":[],"class_list":["post-3639","post","type-post","status-publish","format-standard","has-post-thumbnail","hentry","category-latest-news"],"_links":{"self":[{"href":"https:\/\/www.obispadorqta.org.ar\/v3\/wp-json\/wp\/v2\/posts\/3639","targetHints":{"allow":["GET"]}}],"collection":[{"href":"https:\/\/www.obispadorqta.org.ar\/v3\/wp-json\/wp\/v2\/posts"}],"about":[{"href":"https:\/\/www.obispadorqta.org.ar\/v3\/wp-json\/wp\/v2\/types\/post"}],"author":[{"embeddable":true,"href":"https:\/\/www.obispadorqta.org.ar\/v3\/wp-json\/wp\/v2\/users\/3"}],"replies":[{"embeddable":true,"href":"https:\/\/www.obispadorqta.org.ar\/v3\/wp-json\/wp\/v2\/comments?post=3639"}],"version-history":[{"count":2,"href":"https:\/\/www.obispadorqta.org.ar\/v3\/wp-json\/wp\/v2\/posts\/3639\/revisions"}],"predecessor-version":[{"id":3642,"href":"https:\/\/www.obispadorqta.org.ar\/v3\/wp-json\/wp\/v2\/posts\/3639\/revisions\/3642"}],"wp:featuredmedia":[{"embeddable":true,"href":"https:\/\/www.obispadorqta.org.ar\/v3\/wp-json\/wp\/v2\/media\/3640"}],"wp:attachment":[{"href":"https:\/\/www.obispadorqta.org.ar\/v3\/wp-json\/wp\/v2\/media?parent=3639"}],"wp:term":[{"taxonomy":"category","embeddable":true,"href":"https:\/\/www.obispadorqta.org.ar\/v3\/wp-json\/wp\/v2\/categories?post=3639"},{"taxonomy":"post_tag","embeddable":true,"href":"https:\/\/www.obispadorqta.org.ar\/v3\/wp-json\/wp\/v2\/tags?post=3639"}],"curies":[{"name":"wp","href":"https:\/\/api.w.org\/{rel}","templated":true}]}}