{"id":3650,"date":"2019-01-30T12:43:26","date_gmt":"2019-01-30T12:43:26","guid":{"rendered":"http:\/\/www.obispadorqta.org.ar\/v3\/?p=3650"},"modified":"2019-01-30T12:49:04","modified_gmt":"2019-01-30T12:49:04","slug":"convivencia-de-seminaristas","status":"publish","type":"post","link":"https:\/\/www.obispadorqta.org.ar\/v3\/convivencia-de-seminaristas\/","title":{"rendered":"CONVIVENCIA DE SEMINARISTAS"},"content":{"rendered":"<p style=\"text-align: justify;\"><span style=\"color: #000000;\">Del viernes 1 de Febrero al Viernes 8 se estar\u00e1 realizando la Convivencia de Seminaristas con el Obispo Diocesano, Mons. \u00c1ngel Jos\u00e9 Mac\u00edn, en una casa de retiros de C\u00f3rdoba.<\/span><\/p>\n<p style=\"text-align: justify;\"><span style=\"color: #000000;\">Son d\u00edas para descansar juntos, para orar y, sobre todo, para el di\u00e1logo, especialmente del obispo con los seminaristas.<\/span><\/p>\n<p style=\"text-align: justify;\"><span style=\"color: #000000;\">Invitamos a seguir rezando por nuevas vocaciones para nuestra di\u00f3cesis y por la perseverancia y un buen discernimiento de quienes se encuentran en esta etapa de la formaci\u00f3n inicial.<\/span><\/p>\n<p>&nbsp;<\/p>\n<p>&nbsp;<\/p>\n","protected":false},"excerpt":{"rendered":"<div class=\"mh-excerpt\"><p>Del viernes 1 de Febrero al Viernes 8 se estar\u00e1 realizando la Convivencia de Seminaristas con el Obispo Diocesano, Mons. \u00c1ngel Jos\u00e9 Mac\u00edn, en una <a class=\"mh-excerpt-more\" href=\"https:\/\/www.obispadorqta.org.ar\/v3\/convivencia-de-seminaristas\/\" title=\"CONVIVENCIA DE SEMINARISTAS\">[&#8230;]<\/a><\/p>\n<\/div>","protected":false},"author":3,"featured_media":2413,"comment_status":"closed","ping_status":"open","sticky":false,"template":"","format":"standard","meta":{"footnotes":""},"categories":[6,1,28],"tags":[],"class_list":["post-3650","post","type-post","status-publish","format-standard","has-post-thumbnail","hentry","category-news","category-sin-categoria","category-latest-news"],"_links":{"self":[{"href":"https:\/\/www.obispadorqta.org.ar\/v3\/wp-json\/wp\/v2\/posts\/3650","targetHints":{"allow":["GET"]}}],"collection":[{"href":"https:\/\/www.obispadorqta.org.ar\/v3\/wp-json\/wp\/v2\/posts"}],"about":[{"href":"https:\/\/www.obispadorqta.org.ar\/v3\/wp-json\/wp\/v2\/types\/post"}],"author":[{"embeddable":true,"href":"https:\/\/www.obispadorqta.org.ar\/v3\/wp-json\/wp\/v2\/users\/3"}],"replies":[{"embeddable":true,"href":"https:\/\/www.obispadorqta.org.ar\/v3\/wp-json\/wp\/v2\/comments?post=3650"}],"version-history":[{"count":2,"href":"https:\/\/www.obispadorqta.org.ar\/v3\/wp-json\/wp\/v2\/posts\/3650\/revisions"}],"predecessor-version":[{"id":3654,"href":"https:\/\/www.obispadorqta.org.ar\/v3\/wp-json\/wp\/v2\/posts\/3650\/revisions\/3654"}],"wp:featuredmedia":[{"embeddable":true,"href":"https:\/\/www.obispadorqta.org.ar\/v3\/wp-json\/wp\/v2\/media\/2413"}],"wp:attachment":[{"href":"https:\/\/www.obispadorqta.org.ar\/v3\/wp-json\/wp\/v2\/media?parent=3650"}],"wp:term":[{"taxonomy":"category","embeddable":true,"href":"https:\/\/www.obispadorqta.org.ar\/v3\/wp-json\/wp\/v2\/categories?post=3650"},{"taxonomy":"post_tag","embeddable":true,"href":"https:\/\/www.obispadorqta.org.ar\/v3\/wp-json\/wp\/v2\/tags?post=3650"}],"curies":[{"name":"wp","href":"https:\/\/api.w.org\/{rel}","templated":true}]}}