{"id":3972,"date":"2019-05-06T12:00:55","date_gmt":"2019-05-06T15:00:55","guid":{"rendered":"http:\/\/www.obispadorqta.org.ar\/v3\/?p=3972"},"modified":"2023-08-22T11:59:33","modified_gmt":"2023-08-22T14:59:33","slug":"actividades-del-obispo-diocesano","status":"publish","type":"post","link":"https:\/\/www.obispadorqta.org.ar\/v3\/actividades-del-obispo-diocesano\/","title":{"rendered":"ACTIVIDADES DEL OBISPO DIOCESANO"},"content":{"rendered":"<p style=\"text-align: justify;\"><span style=\"color: #000000;\">Ya finalizada la visita Ad Limina Apostolorum, el Obispo Diocesano, Mons. \u00c1ngel Jos\u00e9 Mac\u00edn, seguir\u00e1 por algunos d\u00edas en Roma, para realizar tr\u00e1mites vinculados al quehacer pastoral de la Di\u00f3cesis. De confirmarse algunas entrevistas, viajar\u00e1 a Alemania hacia finales de semana, para llevar a cabo gestiones vinculadas a su tarea como Presidente de la Comisi\u00f3n Episcopal de Pastoral Aborigen de la CEA, ante algunas agencias de cooperaci\u00f3n internacional, para luego regresar a nuestro pa\u00eds.<\/span><\/p>\n<p style=\"text-align: justify;\"><span style=\"color: #000000;\">Seguimos acompa\u00f1ando su actividad en estos pr\u00f3ximos d\u00edas con nuestra oraci\u00f3n.<\/span><\/p>\n","protected":false},"excerpt":{"rendered":"<div class=\"mh-excerpt\"><p>Ya finalizada la visita Ad Limina Apostolorum, el Obispo Diocesano, Mons. \u00c1ngel Jos\u00e9 Mac\u00edn, seguir\u00e1 por algunos d\u00edas en Roma, para realizar tr\u00e1mites vinculados al <a class=\"mh-excerpt-more\" href=\"https:\/\/www.obispadorqta.org.ar\/v3\/actividades-del-obispo-diocesano\/\" title=\"ACTIVIDADES DEL OBISPO DIOCESANO\">[&#8230;]<\/a><\/p>\n<\/div>","protected":false},"author":3,"featured_media":3974,"comment_status":"closed","ping_status":"open","sticky":false,"template":"","format":"standard","meta":{"footnotes":""},"categories":[6,28],"tags":[],"class_list":["post-3972","post","type-post","status-publish","format-standard","has-post-thumbnail","hentry","category-news","category-latest-news"],"_links":{"self":[{"href":"https:\/\/www.obispadorqta.org.ar\/v3\/wp-json\/wp\/v2\/posts\/3972","targetHints":{"allow":["GET"]}}],"collection":[{"href":"https:\/\/www.obispadorqta.org.ar\/v3\/wp-json\/wp\/v2\/posts"}],"about":[{"href":"https:\/\/www.obispadorqta.org.ar\/v3\/wp-json\/wp\/v2\/types\/post"}],"author":[{"embeddable":true,"href":"https:\/\/www.obispadorqta.org.ar\/v3\/wp-json\/wp\/v2\/users\/3"}],"replies":[{"embeddable":true,"href":"https:\/\/www.obispadorqta.org.ar\/v3\/wp-json\/wp\/v2\/comments?post=3972"}],"version-history":[{"count":1,"href":"https:\/\/www.obispadorqta.org.ar\/v3\/wp-json\/wp\/v2\/posts\/3972\/revisions"}],"predecessor-version":[{"id":3973,"href":"https:\/\/www.obispadorqta.org.ar\/v3\/wp-json\/wp\/v2\/posts\/3972\/revisions\/3973"}],"wp:featuredmedia":[{"embeddable":true,"href":"https:\/\/www.obispadorqta.org.ar\/v3\/wp-json\/wp\/v2\/media\/3974"}],"wp:attachment":[{"href":"https:\/\/www.obispadorqta.org.ar\/v3\/wp-json\/wp\/v2\/media?parent=3972"}],"wp:term":[{"taxonomy":"category","embeddable":true,"href":"https:\/\/www.obispadorqta.org.ar\/v3\/wp-json\/wp\/v2\/categories?post=3972"},{"taxonomy":"post_tag","embeddable":true,"href":"https:\/\/www.obispadorqta.org.ar\/v3\/wp-json\/wp\/v2\/tags?post=3972"}],"curies":[{"name":"wp","href":"https:\/\/api.w.org\/{rel}","templated":true}]}}