{"id":3986,"date":"2019-05-12T14:55:42","date_gmt":"2019-05-12T14:55:42","guid":{"rendered":"http:\/\/www.obispadorqta.org.ar\/v3\/?p=3986"},"modified":"2019-05-14T13:28:44","modified_gmt":"2019-05-14T13:28:44","slug":"3986-2","status":"publish","type":"post","link":"https:\/\/www.obispadorqta.org.ar\/v3\/3986-2\/","title":{"rendered":"Encuentro Diocesano para Ministros Extraordinarios de la Comuni\u00f3n"},"content":{"rendered":"<p style=\"text-align: justify;\"><span style=\"color: #000000;\">Motivada por la necesidad pastoral de profundizar en el servicio que se ofrece en el ministerio de los Ministros Extraordinarios de la Comuni\u00f3n, la Comisi\u00f3n diocesana de Liturgia, realizar\u00e1 distintos <strong>Encuentro Diocesano de Liturgia para todos los ministros extraordinarios<\/strong> que la est\u00e9n llevando adelante en cada parroquia, o para aquellos nuevos que fueron instituidos en el \u00faltimo tiempo, como as\u00ed tambi\u00e9n para toda persona que est\u00e9 interesada aprender sobre el ritual para ejercer este ministerio. <\/span><\/p>\n<p style=\"text-align: justify;\"><strong><span style=\"color: #000000;\"><span style=\"color: #333333;\">La jornada se realizar\u00e1 por ZONAS:<\/span> <\/span><\/strong><\/p>\n<p style=\"text-align: justify;\"><span style=\"color: #000000;\"><strong><span style=\"color: #333333;\">\u2022 ZONA NORTE:<\/span> <\/strong>el domingo 12 de mayo de 2019 en el sal\u00f3n parroquial de la Parroquia Nuestra Se\u00f1ora de la Asunci\u00f3n (Las Toscas), de 09 a 13 hs, con almuerzo a la canasta.<\/span><\/p>\n<p style=\"text-align: justify;\"><span style=\"color: #000000;\"><span style=\"color: #333333;\"><strong>\u2022 ZONA SUR:<\/strong><\/span> el domingo 19 de mayo de 2019 en el patio del Colegio Parroquial \u201cSan Juan Bautista\u201d (Vera), de 09 a 13 hs, con almuerzo a la canasta.<\/span><\/p>\n<p style=\"text-align: justify;\"><span style=\"color: #000000;\"><strong><span style=\"color: #333333;\">\u2022 ZONA CENTRO:<\/span><\/strong> el domingo 26 de mayo de 2019 en el Colegio \u201cRoberto Vicent\u00edn\u201d (Avellaneda), de 09 a 13 hs, con almuerzo a la canasta.<\/span><\/p>\n<p><span style=\"color: #000000;\">A las parroquias de la <strong>ZONA MONTE<\/strong>, se las invita a participar en aquellos lugares que le resulten m\u00e1s cercanos. Para mayores datos, consultar en cada parroquia o en el Obispado.<\/span><\/p>\n<p style=\"text-align: justify;\">\n<p>&nbsp;<\/p>\n<p>&nbsp;<\/p>\n<p>&nbsp;<\/p>\n","protected":false},"excerpt":{"rendered":"<div class=\"mh-excerpt\"><p>Motivada por la necesidad pastoral de profundizar en el servicio que se ofrece en el ministerio de los Ministros Extraordinarios de la Comuni\u00f3n, la Comisi\u00f3n <a class=\"mh-excerpt-more\" href=\"https:\/\/www.obispadorqta.org.ar\/v3\/3986-2\/\" title=\"Encuentro Diocesano para Ministros Extraordinarios de la Comuni\u00f3n\">[&#8230;]<\/a><\/p>\n<\/div>","protected":false},"author":3,"featured_media":3987,"comment_status":"closed","ping_status":"open","sticky":false,"template":"","format":"standard","meta":{"footnotes":""},"categories":[6,1,28],"tags":[],"class_list":["post-3986","post","type-post","status-publish","format-standard","has-post-thumbnail","hentry","category-news","category-sin-categoria","category-latest-news"],"_links":{"self":[{"href":"https:\/\/www.obispadorqta.org.ar\/v3\/wp-json\/wp\/v2\/posts\/3986","targetHints":{"allow":["GET"]}}],"collection":[{"href":"https:\/\/www.obispadorqta.org.ar\/v3\/wp-json\/wp\/v2\/posts"}],"about":[{"href":"https:\/\/www.obispadorqta.org.ar\/v3\/wp-json\/wp\/v2\/types\/post"}],"author":[{"embeddable":true,"href":"https:\/\/www.obispadorqta.org.ar\/v3\/wp-json\/wp\/v2\/users\/3"}],"replies":[{"embeddable":true,"href":"https:\/\/www.obispadorqta.org.ar\/v3\/wp-json\/wp\/v2\/comments?post=3986"}],"version-history":[{"count":7,"href":"https:\/\/www.obispadorqta.org.ar\/v3\/wp-json\/wp\/v2\/posts\/3986\/revisions"}],"predecessor-version":[{"id":4000,"href":"https:\/\/www.obispadorqta.org.ar\/v3\/wp-json\/wp\/v2\/posts\/3986\/revisions\/4000"}],"wp:featuredmedia":[{"embeddable":true,"href":"https:\/\/www.obispadorqta.org.ar\/v3\/wp-json\/wp\/v2\/media\/3987"}],"wp:attachment":[{"href":"https:\/\/www.obispadorqta.org.ar\/v3\/wp-json\/wp\/v2\/media?parent=3986"}],"wp:term":[{"taxonomy":"category","embeddable":true,"href":"https:\/\/www.obispadorqta.org.ar\/v3\/wp-json\/wp\/v2\/categories?post=3986"},{"taxonomy":"post_tag","embeddable":true,"href":"https:\/\/www.obispadorqta.org.ar\/v3\/wp-json\/wp\/v2\/tags?post=3986"}],"curies":[{"name":"wp","href":"https:\/\/api.w.org\/{rel}","templated":true}]}}