{"id":3995,"date":"2019-05-11T01:03:36","date_gmt":"2019-05-11T01:03:36","guid":{"rendered":"http:\/\/www.obispadorqta.org.ar\/v3\/?p=3995"},"modified":"2019-05-11T01:04:24","modified_gmt":"2019-05-11T01:04:24","slug":"duelo","status":"publish","type":"post","link":"https:\/\/www.obispadorqta.org.ar\/v3\/duelo\/","title":{"rendered":"Duelo"},"content":{"rendered":"<p style=\"text-align: justify;\">Con profunda tristeza, desde el Obispado de Reconquista comunicamos el fallecimiento de Elvira Isabel Bress\u00e1n, viuda de Mac\u00edn, madre de nuestro Obispo Diocesano, Monse\u00f1or \u00c1ngel Jos\u00e9 Mac\u00edn.<\/p>\n<p style=\"text-align: justify;\">Sus restos est\u00e1n siendo velados en la sala velatoria 1, c\u00f3rdoba n\u00ba 960 de la ciudad de Malabrigo. La Santa Misa de cuerpo presente se llevar\u00e1 a cabo en el templo parroquial de Malabrigo, este s\u00e1bado 11 de mayo, a las 16 Hs, y sus restos ser\u00e1n inhumados en el cementerio local.<\/p>\n<p style=\"text-align: justify;\">Elevamos nuestras oraciones por el eterno descanso de Elvira, agradeciendo a Dios por su vida y su entrega, testimonio que perdurar\u00e1 por siempre en su familia y seres queridos, y le pedimos a nuestra Madre Mar\u00eda, que ella les de paz y serenidad en tan doloroso momento.<\/p>\n<p>&nbsp;<\/p>\n","protected":false},"excerpt":{"rendered":"<div class=\"mh-excerpt\"><p>Con profunda tristeza, desde el Obispado de Reconquista comunicamos el fallecimiento de Elvira Isabel Bress\u00e1n, viuda de Mac\u00edn, madre de nuestro Obispo Diocesano, Monse\u00f1or \u00c1ngel <a class=\"mh-excerpt-more\" href=\"https:\/\/www.obispadorqta.org.ar\/v3\/duelo\/\" title=\"Duelo\">[&#8230;]<\/a><\/p>\n<\/div>","protected":false},"author":2,"featured_media":3996,"comment_status":"closed","ping_status":"open","sticky":false,"template":"","format":"standard","meta":{"footnotes":""},"categories":[28],"tags":[],"class_list":["post-3995","post","type-post","status-publish","format-standard","has-post-thumbnail","hentry","category-latest-news"],"_links":{"self":[{"href":"https:\/\/www.obispadorqta.org.ar\/v3\/wp-json\/wp\/v2\/posts\/3995","targetHints":{"allow":["GET"]}}],"collection":[{"href":"https:\/\/www.obispadorqta.org.ar\/v3\/wp-json\/wp\/v2\/posts"}],"about":[{"href":"https:\/\/www.obispadorqta.org.ar\/v3\/wp-json\/wp\/v2\/types\/post"}],"author":[{"embeddable":true,"href":"https:\/\/www.obispadorqta.org.ar\/v3\/wp-json\/wp\/v2\/users\/2"}],"replies":[{"embeddable":true,"href":"https:\/\/www.obispadorqta.org.ar\/v3\/wp-json\/wp\/v2\/comments?post=3995"}],"version-history":[{"count":1,"href":"https:\/\/www.obispadorqta.org.ar\/v3\/wp-json\/wp\/v2\/posts\/3995\/revisions"}],"predecessor-version":[{"id":3997,"href":"https:\/\/www.obispadorqta.org.ar\/v3\/wp-json\/wp\/v2\/posts\/3995\/revisions\/3997"}],"wp:featuredmedia":[{"embeddable":true,"href":"https:\/\/www.obispadorqta.org.ar\/v3\/wp-json\/wp\/v2\/media\/3996"}],"wp:attachment":[{"href":"https:\/\/www.obispadorqta.org.ar\/v3\/wp-json\/wp\/v2\/media?parent=3995"}],"wp:term":[{"taxonomy":"category","embeddable":true,"href":"https:\/\/www.obispadorqta.org.ar\/v3\/wp-json\/wp\/v2\/categories?post=3995"},{"taxonomy":"post_tag","embeddable":true,"href":"https:\/\/www.obispadorqta.org.ar\/v3\/wp-json\/wp\/v2\/tags?post=3995"}],"curies":[{"name":"wp","href":"https:\/\/api.w.org\/{rel}","templated":true}]}}