{"id":4015,"date":"2019-05-22T11:12:43","date_gmt":"2019-05-22T11:12:43","guid":{"rendered":"http:\/\/www.obispadorqta.org.ar\/v3\/?p=4015"},"modified":"2019-05-22T11:14:06","modified_gmt":"2019-05-22T11:14:06","slug":"oracion-por-la-salud-del-nuncio-apostolico","status":"publish","type":"post","link":"https:\/\/www.obispadorqta.org.ar\/v3\/oracion-por-la-salud-del-nuncio-apostolico\/","title":{"rendered":"ORACI\u00d3N POR LA SALUD DEL NUNCIO APOST\u00d3LICO"},"content":{"rendered":"<p style=\"text-align: justify;\"><span style=\"color: #000000;\">Desde hace unos d\u00edas, el Sr. Nuncio Apost\u00f3lico en la Argentina, Mons. Le\u00f3n Kalenga Badikebele, representante del Santo Padre en nuestro pa\u00eds, est\u00e1 afectado de una dolencia renal, y se encuentra internado en Roma, donde hab\u00eda viajado para participar de algunas reuniones de rutina. Su estado es delicado y se encuentra en sala de cuidados intensivos en un centro de salud de la capital de Italia.<\/span><\/p>\n<p style=\"text-align: justify;\"><span style=\"color: #000000;\">Mons. Mac\u00edn invita a elevar una oraci\u00f3n por el Sr. Nuncio, sea a nivel personal, sea organiz\u00e1ndose en grupos, en las parroquias, capillas, movimientos, etc., expresando as\u00ed la comuni\u00f3n apost\u00f3lica y la confianza en la providencia divina.<\/span><\/p>\n<p>&nbsp;<\/p>\n<p>&nbsp;<\/p>\n<p>&nbsp;<\/p>\n","protected":false},"excerpt":{"rendered":"<div class=\"mh-excerpt\"><p>Desde hace unos d\u00edas, el Sr. Nuncio Apost\u00f3lico en la Argentina, Mons. Le\u00f3n Kalenga Badikebele, representante del Santo Padre en nuestro pa\u00eds, est\u00e1 afectado de <a class=\"mh-excerpt-more\" href=\"https:\/\/www.obispadorqta.org.ar\/v3\/oracion-por-la-salud-del-nuncio-apostolico\/\" title=\"ORACI\u00d3N POR LA SALUD DEL NUNCIO APOST\u00d3LICO\">[&#8230;]<\/a><\/p>\n<\/div>","protected":false},"author":3,"featured_media":4016,"comment_status":"closed","ping_status":"open","sticky":false,"template":"","format":"standard","meta":{"footnotes":""},"categories":[6,1,28],"tags":[],"class_list":["post-4015","post","type-post","status-publish","format-standard","has-post-thumbnail","hentry","category-news","category-sin-categoria","category-latest-news"],"_links":{"self":[{"href":"https:\/\/www.obispadorqta.org.ar\/v3\/wp-json\/wp\/v2\/posts\/4015","targetHints":{"allow":["GET"]}}],"collection":[{"href":"https:\/\/www.obispadorqta.org.ar\/v3\/wp-json\/wp\/v2\/posts"}],"about":[{"href":"https:\/\/www.obispadorqta.org.ar\/v3\/wp-json\/wp\/v2\/types\/post"}],"author":[{"embeddable":true,"href":"https:\/\/www.obispadorqta.org.ar\/v3\/wp-json\/wp\/v2\/users\/3"}],"replies":[{"embeddable":true,"href":"https:\/\/www.obispadorqta.org.ar\/v3\/wp-json\/wp\/v2\/comments?post=4015"}],"version-history":[{"count":2,"href":"https:\/\/www.obispadorqta.org.ar\/v3\/wp-json\/wp\/v2\/posts\/4015\/revisions"}],"predecessor-version":[{"id":4018,"href":"https:\/\/www.obispadorqta.org.ar\/v3\/wp-json\/wp\/v2\/posts\/4015\/revisions\/4018"}],"wp:featuredmedia":[{"embeddable":true,"href":"https:\/\/www.obispadorqta.org.ar\/v3\/wp-json\/wp\/v2\/media\/4016"}],"wp:attachment":[{"href":"https:\/\/www.obispadorqta.org.ar\/v3\/wp-json\/wp\/v2\/media?parent=4015"}],"wp:term":[{"taxonomy":"category","embeddable":true,"href":"https:\/\/www.obispadorqta.org.ar\/v3\/wp-json\/wp\/v2\/categories?post=4015"},{"taxonomy":"post_tag","embeddable":true,"href":"https:\/\/www.obispadorqta.org.ar\/v3\/wp-json\/wp\/v2\/tags?post=4015"}],"curies":[{"name":"wp","href":"https:\/\/api.w.org\/{rel}","templated":true}]}}