{"id":4021,"date":"2019-05-28T14:43:42","date_gmt":"2019-05-28T14:43:42","guid":{"rendered":"http:\/\/www.obispadorqta.org.ar\/v3\/?p=4021"},"modified":"2019-05-28T14:51:43","modified_gmt":"2019-05-28T14:51:43","slug":"ordenaciones-diaconales","status":"publish","type":"post","link":"https:\/\/www.obispadorqta.org.ar\/v3\/ordenaciones-diaconales\/","title":{"rendered":"ORDENACIONES DIACONALES"},"content":{"rendered":"<p><img loading=\"lazy\" decoding=\"async\" class=\"wp-image-4024 alignleft\" style=\"line-height: 1.5; text-align: justify;\" src=\"https:\/\/www.obispadorqta.org.ar\/v3\/wp-content\/uploads\/2019\/05\/51538344_10218520233861416_635897971489112064_n.jpg\" alt=\"\" width=\"97\" height=\"116\" \/><\/p>\n<p style=\"text-align: justify;\">Con alegr\u00eda invitamos a todos el Domingo 2 de Junio, donde por imposici\u00f3n de manos y la oraci\u00f3n\u00a0consecratoria de nuestro Obispo, Mons. \u00c1ngel Jos\u00e9 Mac\u00edn, ser\u00e1 ordenado Diacono Permanente el Ac\u00f3lito Alcides Prez. La misma se llevar\u00e1 a cabo en el marco de la celebraci\u00f3n Eucar\u00edstica, presidida por el Obispo, en el club Newell\u00b4s Old Boys, de El Araz\u00e1, Parroquia La Encarnaci\u00f3n del Se\u00f1or\u00a0<span style=\"line-height: 1.5;\">de La Sarita, a las 17 hs.<\/span><\/p>\n<p style=\"text-align: justify;\"><img loading=\"lazy\" decoding=\"async\" class=\"wp-image-4025 alignleft\" src=\"https:\/\/www.obispadorqta.org.ar\/v3\/wp-content\/uploads\/2019\/05\/46492832_1140943956064418_8329538846626676736_n.jpg\" alt=\"\" width=\"96\" height=\"105\" \/>Adem\u00e1s, con alegr\u00eda anunciamos la pr\u00f3xima ordenaci\u00f3n diaconal del Ac\u00f3lito Rolando Quar\u00edn, que ser\u00e1 el Domingo 30 de Junio en la Iglesia Catedral, a las 18 hs.<\/p>\n<p>&nbsp;<\/p>\n<p>&nbsp;<\/p>\n<p style=\"text-align: justify;\">Agradecemos el don del diaconado para nuestra Iglesia Particular, e invitamos a orar especialmente por Alcides y Rolando.<\/p>\n","protected":false},"excerpt":{"rendered":"<div class=\"mh-excerpt\"><p>Con alegr\u00eda invitamos a todos el Domingo 2 de Junio, donde por imposici\u00f3n de manos y la oraci\u00f3n\u00a0consecratoria de nuestro Obispo, Mons. \u00c1ngel Jos\u00e9 Mac\u00edn, <a class=\"mh-excerpt-more\" href=\"https:\/\/www.obispadorqta.org.ar\/v3\/ordenaciones-diaconales\/\" title=\"ORDENACIONES DIACONALES\">[&#8230;]<\/a><\/p>\n<\/div>","protected":false},"author":2,"featured_media":4028,"comment_status":"open","ping_status":"open","sticky":false,"template":"","format":"standard","meta":{"footnotes":""},"categories":[28],"tags":[],"class_list":["post-4021","post","type-post","status-publish","format-standard","has-post-thumbnail","hentry","category-latest-news"],"_links":{"self":[{"href":"https:\/\/www.obispadorqta.org.ar\/v3\/wp-json\/wp\/v2\/posts\/4021","targetHints":{"allow":["GET"]}}],"collection":[{"href":"https:\/\/www.obispadorqta.org.ar\/v3\/wp-json\/wp\/v2\/posts"}],"about":[{"href":"https:\/\/www.obispadorqta.org.ar\/v3\/wp-json\/wp\/v2\/types\/post"}],"author":[{"embeddable":true,"href":"https:\/\/www.obispadorqta.org.ar\/v3\/wp-json\/wp\/v2\/users\/2"}],"replies":[{"embeddable":true,"href":"https:\/\/www.obispadorqta.org.ar\/v3\/wp-json\/wp\/v2\/comments?post=4021"}],"version-history":[{"count":2,"href":"https:\/\/www.obispadorqta.org.ar\/v3\/wp-json\/wp\/v2\/posts\/4021\/revisions"}],"predecessor-version":[{"id":4027,"href":"https:\/\/www.obispadorqta.org.ar\/v3\/wp-json\/wp\/v2\/posts\/4021\/revisions\/4027"}],"wp:featuredmedia":[{"embeddable":true,"href":"https:\/\/www.obispadorqta.org.ar\/v3\/wp-json\/wp\/v2\/media\/4028"}],"wp:attachment":[{"href":"https:\/\/www.obispadorqta.org.ar\/v3\/wp-json\/wp\/v2\/media?parent=4021"}],"wp:term":[{"taxonomy":"category","embeddable":true,"href":"https:\/\/www.obispadorqta.org.ar\/v3\/wp-json\/wp\/v2\/categories?post=4021"},{"taxonomy":"post_tag","embeddable":true,"href":"https:\/\/www.obispadorqta.org.ar\/v3\/wp-json\/wp\/v2\/tags?post=4021"}],"curies":[{"name":"wp","href":"https:\/\/api.w.org\/{rel}","templated":true}]}}