{"id":4033,"date":"2019-05-29T15:15:31","date_gmt":"2019-05-29T15:15:31","guid":{"rendered":"http:\/\/www.obispadorqta.org.ar\/v3\/?p=4033"},"modified":"2019-05-29T15:22:54","modified_gmt":"2019-05-29T15:22:54","slug":"encuentro-diocesano-de-caritas-2","status":"publish","type":"post","link":"https:\/\/www.obispadorqta.org.ar\/v3\/encuentro-diocesano-de-caritas-2\/","title":{"rendered":"ENCUENTRO DIOCESANO DE CARITAS"},"content":{"rendered":"<p style=\"text-align: justify;\"><span style=\"color: #000000;\">Bajo el lema<em><strong> \u201cCompartir transforma Vidas<\/strong><\/em>\u201d, se llevar\u00e1 a cabo este s\u00e1bado 01 de junio el Encuentro Anual de C\u00e1ritas Diocesanas. La actividad tendr\u00e1 lugar en las instalaciones de la Sede Diocesana de 8 a 15 hs.<\/span><\/p>\n<p style=\"text-align: justify;\"><span style=\"color: #000000;\">Por la ma\u00f1ana, la iluminaci\u00f3n sobre la Caminata Institucional de C\u00e1ritas estar\u00e1 a cargo del obispo diocesano, monse\u00f1or \u00c1ngel Jos\u00e9 Mac\u00edn, luego se presentar\u00e1 y trabajara el material <em>Orientaciones Pastorales para la Caridad de la Iglesia<\/em>, reflexionadas durante el proceso de Caminata 2017 y proclamadas en la XIX Asamblea Federal de C\u00e1ritas 2018.<\/span><\/p>\n<p style=\"text-align: justify;\"><span style=\"color: #000000;\">Durante la jornada, a trav\u00e9s de peque\u00f1os puestos, habr\u00e1 un espacio para que cada parroquia pueda exponer su propio material sobre el trabajo de Caminata y\/o cualquier otra actividad realizada por el equipo a lo largo del a\u00f1o.<\/span><\/p>\n<p style=\"text-align: justify;\"><span style=\"color: #000000;\">Finalmente se compartir\u00e1 la s\u00edntesis diocesana de Caminata.<\/span><\/p>\n","protected":false},"excerpt":{"rendered":"<div class=\"mh-excerpt\"><p>Bajo el lema \u201cCompartir transforma Vidas\u201d, se llevar\u00e1 a cabo este s\u00e1bado 01 de junio el Encuentro Anual de C\u00e1ritas Diocesanas. La actividad tendr\u00e1 lugar <a class=\"mh-excerpt-more\" href=\"https:\/\/www.obispadorqta.org.ar\/v3\/encuentro-diocesano-de-caritas-2\/\" title=\"ENCUENTRO DIOCESANO DE CARITAS\">[&#8230;]<\/a><\/p>\n<\/div>","protected":false},"author":3,"featured_media":2664,"comment_status":"closed","ping_status":"open","sticky":false,"template":"","format":"standard","meta":{"footnotes":""},"categories":[6,28],"tags":[],"class_list":["post-4033","post","type-post","status-publish","format-standard","has-post-thumbnail","hentry","category-news","category-latest-news"],"_links":{"self":[{"href":"https:\/\/www.obispadorqta.org.ar\/v3\/wp-json\/wp\/v2\/posts\/4033","targetHints":{"allow":["GET"]}}],"collection":[{"href":"https:\/\/www.obispadorqta.org.ar\/v3\/wp-json\/wp\/v2\/posts"}],"about":[{"href":"https:\/\/www.obispadorqta.org.ar\/v3\/wp-json\/wp\/v2\/types\/post"}],"author":[{"embeddable":true,"href":"https:\/\/www.obispadorqta.org.ar\/v3\/wp-json\/wp\/v2\/users\/3"}],"replies":[{"embeddable":true,"href":"https:\/\/www.obispadorqta.org.ar\/v3\/wp-json\/wp\/v2\/comments?post=4033"}],"version-history":[{"count":3,"href":"https:\/\/www.obispadorqta.org.ar\/v3\/wp-json\/wp\/v2\/posts\/4033\/revisions"}],"predecessor-version":[{"id":4036,"href":"https:\/\/www.obispadorqta.org.ar\/v3\/wp-json\/wp\/v2\/posts\/4033\/revisions\/4036"}],"wp:featuredmedia":[{"embeddable":true,"href":"https:\/\/www.obispadorqta.org.ar\/v3\/wp-json\/wp\/v2\/media\/2664"}],"wp:attachment":[{"href":"https:\/\/www.obispadorqta.org.ar\/v3\/wp-json\/wp\/v2\/media?parent=4033"}],"wp:term":[{"taxonomy":"category","embeddable":true,"href":"https:\/\/www.obispadorqta.org.ar\/v3\/wp-json\/wp\/v2\/categories?post=4033"},{"taxonomy":"post_tag","embeddable":true,"href":"https:\/\/www.obispadorqta.org.ar\/v3\/wp-json\/wp\/v2\/tags?post=4033"}],"curies":[{"name":"wp","href":"https:\/\/api.w.org\/{rel}","templated":true}]}}