{"id":4037,"date":"2019-05-31T13:26:54","date_gmt":"2019-05-31T13:26:54","guid":{"rendered":"http:\/\/www.obispadorqta.org.ar\/v3\/?p=4037"},"modified":"2019-05-31T13:53:44","modified_gmt":"2019-05-31T13:53:44","slug":"4037-2","status":"publish","type":"post","link":"https:\/\/www.obispadorqta.org.ar\/v3\/4037-2\/","title":{"rendered":"CAMPA\u00d1A ALIMENTOS PARA EL SEMINARIO INTERDIOCESANO \u00abLA ENCARNACI\u00d3N\u00bb"},"content":{"rendered":"<p style=\"text-align: justify;\"><span style=\"color: #000000;\">Querida comunidad Diocesana, como cada a\u00f1o, en el mes de junio, corresponde a nuestra Di\u00f3cesis de Reconquista, realizar la <strong>Campa\u00f1a de alimentos y art\u00edculos de limpieza para el Seminario Interdiocesano de Resistencia.<\/strong><\/span><\/p>\n<p style=\"text-align: justify;\"><span style=\"color: #000000;\">Por tal motivo se solicita a todas las comunidades diocesanas de su colaboraci\u00f3n en la donaci\u00f3n de Alimentos no perecederos y art\u00edculos de limpieza e higiene personal.\u00a0<\/span><span style=\"color: #000000;\">Recordamos que los mismos son para los seminaristas que se encuentran formando para la vida y el ejercicio Sacerdotal en el Seminario del NEA.<\/span><\/p>\n<p style=\"text-align: justify;\">Aquellos que quieran realizar sus donaciones, podr\u00e1n acercarlas a las distintas parroquias de toda la di\u00f3cesis, las cuales se ocupar\u00e1n de recibir y hacer llegar las mismas al Seminario Interdiocesano.<\/p>\n<p style=\"text-align: justify;\"><span style=\"color: #000000;\">A continuaci\u00f3n se detalla la lista de mercader\u00edas consideradas m\u00e1s necesarias recibir en este momento del a\u00f1o, ya que gracias a las generosas donaciones, se tiene la \u201ccantidad suficiente\u201d de az\u00facar y fideos.<\/span><\/p>\n<p style=\"text-align: justify;\"><span style=\"color: #000000;\">Agradecemos desde ya su generosidad, implorando la bendici\u00f3n de Dios sobre cada Comunidad Parroquial.<\/span><\/p>\n<p><strong><span style=\"color: #000000;\">ELEMENTOS NECESARIOS<\/span><\/strong><\/p>\n<p><span style=\"color: #000000;\"><b>ART\u00cdCULOS<\/b><\/span><strong><span style=\"color: #000000;\">\u00a0DE LIMPIEZA<\/span><\/strong><br \/>\n<span style=\"color: #000000;\">Detergente. <\/span><br \/>\n<span style=\"color: #000000;\">Lustra muebles<\/span><br \/>\n<span style=\"color: #000000;\">Desodorante de ambiente y de piso<\/span><br \/>\n<span style=\"color: #000000;\">Jab\u00f3n en polvo <\/span><br \/>\n<span style=\"color: #000000;\">Lavandina<\/span><br \/>\n<span style=\"color: #000000;\">Esponja, Virulana<\/span><br \/>\n<span style=\"color: #000000;\">Franela. Trapo rejilla y Trapo de piso<\/span><br \/>\n<span style=\"color: #000000;\">Escoba y escurridor con palo<\/span><br \/>\n<span style=\"color: #000000;\">Mopa, liquido para mopa (bruja)<\/span><br \/>\n<span style=\"color: #000000;\">Papel servilleta \/ Rollo de cocina<\/span><br \/>\n<span style=\"color: #000000;\">Insecticida l\u00edquido, fluido, raid, Etc.<\/span><br \/>\n<span style=\"color: #000000;\">Cera para piso<\/span><br \/>\n<span style=\"color: #000000;\">Bolsas de residuos <\/span><br \/>\n<span style=\"color: #000000;\">Art\u00edculos de higiene personal<\/span><br \/>\n<span style=\"color: #000000;\">Desodorante<\/span><br \/>\n<span style=\"color: #000000;\">Papel higi\u00e9nico, cepillo de dientes <\/span><br \/>\n<span style=\"color: #000000;\">Jab\u00f3n de tocador<\/span><\/p>\n<p><span style=\"color: #000000;\"><strong>ALIMENTOS<\/strong><\/span><br \/>\n<span style=\"color: #000000;\">Leche en polvo<\/span><br \/>\n<span style=\"color: #000000;\">Yerba <\/span><br \/>\n<span style=\"color: #000000;\">Fideo tallar\u00edn <\/span><br \/>\n<span style=\"color: #000000;\">Caf\u00e9<\/span><br \/>\n<span style=\"color: #000000;\">Mate cocido \u2013 T\u00e9, caf\u00e9 <\/span><br \/>\n<span style=\"color: #000000;\">Pure de tomates, salsa, choclo en lata<\/span><br \/>\n<span style=\"color: #000000;\">At\u00fan \u2013 Caballa \u2013 Picadillo<\/span><br \/>\n<span style=\"color: #000000;\">Levadura, harina de ma\u00edz, grasa vacuna, aceite<\/span><br \/>\n<span style=\"color: #000000;\">Arvejas, porotos, lentejas<\/span><br \/>\n<span style=\"color: #000000;\">Gelatina<\/span><br \/>\n<span style=\"color: #000000;\">Pan rallado <\/span><\/p>\n<p><strong><span style=\"color: #000000;\">DE ESTUDIO<\/span><\/strong><br \/>\n<span style=\"color: #000000;\">Resma de hojas A4<\/span><br \/>\n<span style=\"color: #000000;\">Cuadernos espiralados<\/span><br \/>\n<span style=\"color: #000000;\">Lapiceras azules y negras<\/span><\/p>\n<p>&nbsp;<\/p>\n","protected":false},"excerpt":{"rendered":"<div class=\"mh-excerpt\"><p>Querida comunidad Diocesana, como cada a\u00f1o, en el mes de junio, corresponde a nuestra Di\u00f3cesis de Reconquista, realizar la Campa\u00f1a de alimentos y art\u00edculos de <a class=\"mh-excerpt-more\" href=\"https:\/\/www.obispadorqta.org.ar\/v3\/4037-2\/\" title=\"CAMPA\u00d1A ALIMENTOS PARA EL SEMINARIO INTERDIOCESANO \u00abLA ENCARNACI\u00d3N\u00bb\">[&#8230;]<\/a><\/p>\n<\/div>","protected":false},"author":3,"featured_media":17,"comment_status":"closed","ping_status":"open","sticky":false,"template":"","format":"standard","meta":{"footnotes":""},"categories":[6,1,28],"tags":[],"class_list":["post-4037","post","type-post","status-publish","format-standard","has-post-thumbnail","hentry","category-news","category-sin-categoria","category-latest-news"],"_links":{"self":[{"href":"https:\/\/www.obispadorqta.org.ar\/v3\/wp-json\/wp\/v2\/posts\/4037","targetHints":{"allow":["GET"]}}],"collection":[{"href":"https:\/\/www.obispadorqta.org.ar\/v3\/wp-json\/wp\/v2\/posts"}],"about":[{"href":"https:\/\/www.obispadorqta.org.ar\/v3\/wp-json\/wp\/v2\/types\/post"}],"author":[{"embeddable":true,"href":"https:\/\/www.obispadorqta.org.ar\/v3\/wp-json\/wp\/v2\/users\/3"}],"replies":[{"embeddable":true,"href":"https:\/\/www.obispadorqta.org.ar\/v3\/wp-json\/wp\/v2\/comments?post=4037"}],"version-history":[{"count":9,"href":"https:\/\/www.obispadorqta.org.ar\/v3\/wp-json\/wp\/v2\/posts\/4037\/revisions"}],"predecessor-version":[{"id":4046,"href":"https:\/\/www.obispadorqta.org.ar\/v3\/wp-json\/wp\/v2\/posts\/4037\/revisions\/4046"}],"wp:featuredmedia":[{"embeddable":true,"href":"https:\/\/www.obispadorqta.org.ar\/v3\/wp-json\/wp\/v2\/media\/17"}],"wp:attachment":[{"href":"https:\/\/www.obispadorqta.org.ar\/v3\/wp-json\/wp\/v2\/media?parent=4037"}],"wp:term":[{"taxonomy":"category","embeddable":true,"href":"https:\/\/www.obispadorqta.org.ar\/v3\/wp-json\/wp\/v2\/categories?post=4037"},{"taxonomy":"post_tag","embeddable":true,"href":"https:\/\/www.obispadorqta.org.ar\/v3\/wp-json\/wp\/v2\/tags?post=4037"}],"curies":[{"name":"wp","href":"https:\/\/api.w.org\/{rel}","templated":true}]}}