{"id":4050,"date":"2019-06-05T12:36:05","date_gmt":"2019-06-05T12:36:05","guid":{"rendered":"http:\/\/www.obispadorqta.org.ar\/v3\/?p=4050"},"modified":"2019-06-05T12:40:37","modified_gmt":"2019-06-05T12:40:37","slug":"8-y-9-de-junio-colecta-anual-de-caritas","status":"publish","type":"post","link":"https:\/\/www.obispadorqta.org.ar\/v3\/8-y-9-de-junio-colecta-anual-de-caritas\/","title":{"rendered":"8 y 9 de junio: Colecta Anual de C\u00e1ritas"},"content":{"rendered":"<p style=\"text-align: justify;\"><span style=\"color: #000000;\">La Colecta Anual de C\u00e1ritas es una ocasi\u00f3n privilegiada de encuentro solidario. La comunidad cristiana sale al encuentro de toda la sociedad para crear conciencia y promover el compromiso con los hermanos m\u00e1s pobres y excluidos de nuestro pa\u00eds. Es una oportunidad no s\u00f3lo para compartir los bienes, sino tambi\u00e9n la esperanza de construir un futuro inclusivo para todos, comenzando por las acciones y el compromiso de cada uno de nosotros con el presente.<\/span><\/p>\n<p style=\"text-align: justify;\"><span style=\"color: #000000;\">El dinero recaudado en la Colecta ayudar\u00e1 a sostener, durante todo el a\u00f1o, proyectos e iniciativas de promoci\u00f3n humana, acompa\u00f1ar micro-emprendimientos productivos y de autoconsumo, acompa\u00f1ar el abordaje pastoral y comunitario de las adicciones, brindar capacitaci\u00f3n laboral, formaci\u00f3n en ciudadan\u00eda, talleres de alfabetizaci\u00f3n, becas escolares y universitarias y apoyo escolar en m\u00e1s de 3.500 C\u00e1ritas parroquiales. <\/span><\/p>\n<p style=\"text-align: justify;\"><span style=\"color: #000000;\">Por eso, el lema que nos anima este a\u00f1o,<em><strong> Compartir transforma vidas<\/strong><\/em>, no es un enunciado abstracto, sino una afirmaci\u00f3n de la experiencia viva de nuestro trabajo cotidiano. Cuando compartimos solidariamente lo que tenemos y lo que somos, (nuestra colaboraci\u00f3n econ\u00f3mica y nuestro trabajo voluntario) podemos literalmente cambiarle la vida a muchas personas, sac\u00e1ndolas de su presente sin esperanza para convertirlas en art\u00edfices de su propio futuro.<\/span><\/p>\n<p style=\"text-align: justify;\"><span style=\"color: #000000;\">Compartir es dar oportunidades a quien no las tiene. Compartir transforma vidas a personas, a familias y a comunidades enteras. Compartir transforma tambi\u00e9n tu vida, y la vida de nuestra sociedad.<\/span><\/p>\n<p style=\"text-align: justify;\"><em><span style=\"color: #000000;\">El 8 y 9 de junio se realiza en todo el pa\u00eds la Colecta Anual de C\u00e1ritas y podremos, en medio de esta crisis, seguir dando respuesta a las realidades de pobreza que se viven en nuestro pa\u00eds con la ayuda de tu donaci\u00f3n. Te invitamos a sumarte para transformar la vida de muchos hermanos.<\/span><\/em><\/p>\n<p>&nbsp;<\/p>\n<p>&nbsp;<\/p>\n<p>&nbsp;<\/p>\n","protected":false},"excerpt":{"rendered":"<div class=\"mh-excerpt\"><p>La Colecta Anual de C\u00e1ritas es una ocasi\u00f3n privilegiada de encuentro solidario. La comunidad cristiana sale al encuentro de toda la sociedad para crear conciencia <a class=\"mh-excerpt-more\" href=\"https:\/\/www.obispadorqta.org.ar\/v3\/8-y-9-de-junio-colecta-anual-de-caritas\/\" title=\"8 y 9 de junio: Colecta Anual de C\u00e1ritas\">[&#8230;]<\/a><\/p>\n<\/div>","protected":false},"author":3,"featured_media":4053,"comment_status":"closed","ping_status":"open","sticky":false,"template":"","format":"standard","meta":{"footnotes":""},"categories":[6,1,28],"tags":[],"class_list":["post-4050","post","type-post","status-publish","format-standard","has-post-thumbnail","hentry","category-news","category-sin-categoria","category-latest-news"],"_links":{"self":[{"href":"https:\/\/www.obispadorqta.org.ar\/v3\/wp-json\/wp\/v2\/posts\/4050","targetHints":{"allow":["GET"]}}],"collection":[{"href":"https:\/\/www.obispadorqta.org.ar\/v3\/wp-json\/wp\/v2\/posts"}],"about":[{"href":"https:\/\/www.obispadorqta.org.ar\/v3\/wp-json\/wp\/v2\/types\/post"}],"author":[{"embeddable":true,"href":"https:\/\/www.obispadorqta.org.ar\/v3\/wp-json\/wp\/v2\/users\/3"}],"replies":[{"embeddable":true,"href":"https:\/\/www.obispadorqta.org.ar\/v3\/wp-json\/wp\/v2\/comments?post=4050"}],"version-history":[{"count":2,"href":"https:\/\/www.obispadorqta.org.ar\/v3\/wp-json\/wp\/v2\/posts\/4050\/revisions"}],"predecessor-version":[{"id":4054,"href":"https:\/\/www.obispadorqta.org.ar\/v3\/wp-json\/wp\/v2\/posts\/4050\/revisions\/4054"}],"wp:featuredmedia":[{"embeddable":true,"href":"https:\/\/www.obispadorqta.org.ar\/v3\/wp-json\/wp\/v2\/media\/4053"}],"wp:attachment":[{"href":"https:\/\/www.obispadorqta.org.ar\/v3\/wp-json\/wp\/v2\/media?parent=4050"}],"wp:term":[{"taxonomy":"category","embeddable":true,"href":"https:\/\/www.obispadorqta.org.ar\/v3\/wp-json\/wp\/v2\/categories?post=4050"},{"taxonomy":"post_tag","embeddable":true,"href":"https:\/\/www.obispadorqta.org.ar\/v3\/wp-json\/wp\/v2\/tags?post=4050"}],"curies":[{"name":"wp","href":"https:\/\/api.w.org\/{rel}","templated":true}]}}