{"id":4058,"date":"2019-06-07T14:39:39","date_gmt":"2019-06-07T14:39:39","guid":{"rendered":"http:\/\/www.obispadorqta.org.ar\/v3\/?p=4058"},"modified":"2019-06-07T14:39:39","modified_gmt":"2019-06-07T14:39:39","slug":"tras-las-huellas-de-los-apostoles","status":"publish","type":"post","link":"https:\/\/www.obispadorqta.org.ar\/v3\/tras-las-huellas-de-los-apostoles\/","title":{"rendered":"Tras las huellas de los Ap\u00f3stoles"},"content":{"rendered":"<p style=\"text-align: justify;\">En el contexto de Pentecost\u00e9s, comunicamos que el obispo diocesano, Mons. \u00c1ngel Jos\u00e9 Mac\u00edn, realiz\u00f3 una rese\u00f1a sobre algunas experiencias de su reciente \u00abVisita Ad Limina Apostolorum\u00bb en Roma, de la cual surgen diferentes expresiones de lo vivido y compartido, como as\u00ed tambi\u00e9n una serie de proyecciones a futuro para nuestra iglesia particular.<\/p>\n<p style=\"text-align: justify;\">Este material fue distribuido a los p\u00e1rrocos de toda la di\u00f3cesis para trabajar y discernir junto a cada comunidad parroquial, las pr\u00f3ximas l\u00edneas de acci\u00f3n, fruto del trabajo de todas las comunidades en la preparaci\u00f3n del \u201cInforme Quinquenal\u201d y de las distintas actividades llevadas a cabo por nuestro obispo diocesano en el contexto de esta visita.<\/p>\n<p style=\"text-align: justify;\">La rese\u00f1a, en gran parte, es experiencia del obispo. Respecto a lo que refiere al encuentro con el Santo Padre Francisco, el obispo toma el material publicado posteriormente por Mons. V\u00edctor Manuel Fern\u00e1ndez, Arzobispo de La Plata y le agrega algunos detalles significativos para la di\u00f3cesis.<\/p>\n<p style=\"text-align: justify;\">El material est\u00e1 disponible en cada parroquia y en el obispado para qui\u00e9n lo requiera.<\/p>\n<p style=\"text-align: justify;\">Encomendamos al Esp\u00edritu Santo que ilumine el camino de toda la comunidad de nuestra querida Di\u00f3cesis de Reconquista.<\/p>\n","protected":false},"excerpt":{"rendered":"<div class=\"mh-excerpt\"><p>En el contexto de Pentecost\u00e9s, comunicamos que el obispo diocesano, Mons. \u00c1ngel Jos\u00e9 Mac\u00edn, realiz\u00f3 una rese\u00f1a sobre algunas experiencias de su reciente \u00abVisita Ad <a class=\"mh-excerpt-more\" href=\"https:\/\/www.obispadorqta.org.ar\/v3\/tras-las-huellas-de-los-apostoles\/\" title=\"Tras las huellas de los Ap\u00f3stoles\">[&#8230;]<\/a><\/p>\n<\/div>","protected":false},"author":2,"featured_media":4060,"comment_status":"open","ping_status":"open","sticky":false,"template":"","format":"standard","meta":{"footnotes":""},"categories":[28],"tags":[],"class_list":["post-4058","post","type-post","status-publish","format-standard","has-post-thumbnail","hentry","category-latest-news"],"_links":{"self":[{"href":"https:\/\/www.obispadorqta.org.ar\/v3\/wp-json\/wp\/v2\/posts\/4058","targetHints":{"allow":["GET"]}}],"collection":[{"href":"https:\/\/www.obispadorqta.org.ar\/v3\/wp-json\/wp\/v2\/posts"}],"about":[{"href":"https:\/\/www.obispadorqta.org.ar\/v3\/wp-json\/wp\/v2\/types\/post"}],"author":[{"embeddable":true,"href":"https:\/\/www.obispadorqta.org.ar\/v3\/wp-json\/wp\/v2\/users\/2"}],"replies":[{"embeddable":true,"href":"https:\/\/www.obispadorqta.org.ar\/v3\/wp-json\/wp\/v2\/comments?post=4058"}],"version-history":[{"count":2,"href":"https:\/\/www.obispadorqta.org.ar\/v3\/wp-json\/wp\/v2\/posts\/4058\/revisions"}],"predecessor-version":[{"id":4064,"href":"https:\/\/www.obispadorqta.org.ar\/v3\/wp-json\/wp\/v2\/posts\/4058\/revisions\/4064"}],"wp:featuredmedia":[{"embeddable":true,"href":"https:\/\/www.obispadorqta.org.ar\/v3\/wp-json\/wp\/v2\/media\/4060"}],"wp:attachment":[{"href":"https:\/\/www.obispadorqta.org.ar\/v3\/wp-json\/wp\/v2\/media?parent=4058"}],"wp:term":[{"taxonomy":"category","embeddable":true,"href":"https:\/\/www.obispadorqta.org.ar\/v3\/wp-json\/wp\/v2\/categories?post=4058"},{"taxonomy":"post_tag","embeddable":true,"href":"https:\/\/www.obispadorqta.org.ar\/v3\/wp-json\/wp\/v2\/tags?post=4058"}],"curies":[{"name":"wp","href":"https:\/\/api.w.org\/{rel}","templated":true}]}}