{"id":4059,"date":"2019-06-06T14:59:46","date_gmt":"2019-06-06T17:59:46","guid":{"rendered":"http:\/\/www.obispadorqta.org.ar\/v3\/?p=4059"},"modified":"2023-08-22T11:59:19","modified_gmt":"2023-08-22T14:59:19","slug":"reflexion-oracion-ecumenica-radial-sobre-el-espiritu-santo","status":"publish","type":"post","link":"https:\/\/www.obispadorqta.org.ar\/v3\/reflexion-oracion-ecumenica-radial-sobre-el-espiritu-santo\/","title":{"rendered":"Reflexi\u00f3n &#8211; Oraci\u00f3n Ecum\u00e9nica radial sobre el Esp\u00edritu Santo"},"content":{"rendered":"<p style=\"text-align: justify;\"><span style=\"color: #000000;\">El pr\u00f3ximo domingo 09 de junio, d\u00eda que la Iglesia celebra la Solemnidad de Pentecost\u00e9s, el <em>Equipo Diocesano para el Ecumenismo y el Di\u00e1logo Interreligioso<\/em> desde Radio Amanecer llevar\u00e1 a cabo un tiempo de Reflexi\u00f3n-\u00a0 Oraci\u00f3n Ecum\u00e9nica sobre el Esp\u00edritu Santo.<\/span><\/p>\n<p style=\"text-align: justify;\"><span style=\"color: #000000;\">La transmisi\u00f3n ser\u00e1 de 9 a 11 horas desde la Capilla \u201cEsp\u00edritu Santo\u201d, Barrio San Mart\u00edn de la Parroquia \u00abInmaculada Concepci\u00f3n\u00bb de Reconquista, por tal motivo la invitaci\u00f3n es abierta a todos los fieles que quieran participar.<\/span><\/p>\n<p style=\"text-align: justify;\"><span style=\"color: #000000;\">En el programa estipulado cada Iglesia tendr\u00e1 un espacio para la reflexi\u00f3n y el acompa\u00f1amiento musical.\u00a0<\/span><\/p>\n<p style=\"text-align: justify;\"><span style=\"color: #000000;\">09,00 hs Introducci\u00f3n<\/span><br \/>\n<span style=\"color: #000000;\">09,15 hs Iglesia Ortodoxa <\/span><br \/>\n<span style=\"color: #000000;\">09,30 hs Iglesia Valdense<\/span><br \/>\n<span style=\"color: #000000;\">09,45 hs Iglesia Cat\u00f3lica<\/span><br \/>\n<span style=\"color: #000000;\">10,00 hs Iglesia Bautista<\/span><br \/>\n<span style=\"color: #000000;\">10,15 hs Iglesia Congregaci\u00f3n Cristiana<\/span><br \/>\n<span style=\"color: #000000;\">10,30 hs Iglesia Metodista<\/span><br \/>\n<span style=\"color: #000000;\">10,45 hs Iglesia Luterana<\/span><\/p>\n","protected":false},"excerpt":{"rendered":"<div class=\"mh-excerpt\"><p>El pr\u00f3ximo domingo 09 de junio, d\u00eda que la Iglesia celebra la Solemnidad de Pentecost\u00e9s, el Equipo Diocesano para el Ecumenismo y el Di\u00e1logo Interreligioso <a class=\"mh-excerpt-more\" href=\"https:\/\/www.obispadorqta.org.ar\/v3\/reflexion-oracion-ecumenica-radial-sobre-el-espiritu-santo\/\" title=\"Reflexi\u00f3n &#8211; Oraci\u00f3n Ecum\u00e9nica radial sobre el Esp\u00edritu Santo\">[&#8230;]<\/a><\/p>\n<\/div>","protected":false},"author":3,"featured_media":4063,"comment_status":"closed","ping_status":"open","sticky":false,"template":"","format":"standard","meta":{"footnotes":""},"categories":[6,1,28],"tags":[],"class_list":["post-4059","post","type-post","status-publish","format-standard","has-post-thumbnail","hentry","category-news","category-sin-categoria","category-latest-news"],"_links":{"self":[{"href":"https:\/\/www.obispadorqta.org.ar\/v3\/wp-json\/wp\/v2\/posts\/4059","targetHints":{"allow":["GET"]}}],"collection":[{"href":"https:\/\/www.obispadorqta.org.ar\/v3\/wp-json\/wp\/v2\/posts"}],"about":[{"href":"https:\/\/www.obispadorqta.org.ar\/v3\/wp-json\/wp\/v2\/types\/post"}],"author":[{"embeddable":true,"href":"https:\/\/www.obispadorqta.org.ar\/v3\/wp-json\/wp\/v2\/users\/3"}],"replies":[{"embeddable":true,"href":"https:\/\/www.obispadorqta.org.ar\/v3\/wp-json\/wp\/v2\/comments?post=4059"}],"version-history":[{"count":1,"href":"https:\/\/www.obispadorqta.org.ar\/v3\/wp-json\/wp\/v2\/posts\/4059\/revisions"}],"predecessor-version":[{"id":4062,"href":"https:\/\/www.obispadorqta.org.ar\/v3\/wp-json\/wp\/v2\/posts\/4059\/revisions\/4062"}],"wp:featuredmedia":[{"embeddable":true,"href":"https:\/\/www.obispadorqta.org.ar\/v3\/wp-json\/wp\/v2\/media\/4063"}],"wp:attachment":[{"href":"https:\/\/www.obispadorqta.org.ar\/v3\/wp-json\/wp\/v2\/media?parent=4059"}],"wp:term":[{"taxonomy":"category","embeddable":true,"href":"https:\/\/www.obispadorqta.org.ar\/v3\/wp-json\/wp\/v2\/categories?post=4059"},{"taxonomy":"post_tag","embeddable":true,"href":"https:\/\/www.obispadorqta.org.ar\/v3\/wp-json\/wp\/v2\/tags?post=4059"}],"curies":[{"name":"wp","href":"https:\/\/api.w.org\/{rel}","templated":true}]}}