{"id":4076,"date":"2019-06-12T23:03:14","date_gmt":"2019-06-12T23:03:14","guid":{"rendered":"http:\/\/www.obispadorqta.org.ar\/v3\/?p=4076"},"modified":"2019-06-12T23:06:04","modified_gmt":"2019-06-12T23:06:04","slug":"pesar-por-el-fallecimiento-del-nuncio-apostolico-en-argentina","status":"publish","type":"post","link":"https:\/\/www.obispadorqta.org.ar\/v3\/pesar-por-el-fallecimiento-del-nuncio-apostolico-en-argentina\/","title":{"rendered":"Pesar por el fallecimiento del Nuncio Apost\u00f3lico en Argentina"},"content":{"rendered":"<p style=\"text-align: justify;\">Con profundo dolor, desde el Obispado de Reconquista, compartimos el comunicado de la Nunciatura Apost\u00f3lica:<\/p>\n<p style=\"text-align: justify;\">\u201cLa Nunciatura Apost\u00f3lica en la Rep\u00fablica Argentina comunica con pesar el\u00a0fallecimiento de S.E. Mons. L\u00e9on Kalenga Badikebele, Arzobispo titular de\u00a0Magneto y Nuncio Apost\u00f3lico en Argentina. Despu\u00e9s de una imprevista\u00a0enfermedad, el Se\u00f1or lo ha llamado a su casa en la tarde de hoy, 12 de junio\u00a0de 2019.<\/p>\n<p style=\"text-align: justify;\">Acompa\u00f1ado por la oraci\u00f3n del Santo Padre y de los Se\u00f1ores Nuncios\u00a0Apost\u00f3licos convocados en Roma por su reuni\u00f3n con el Papa Francisco,\u00a0sostenido por la presencia de sus familiares y seres queridos, el Se\u00f1or Nuncio\u00a0ha recibido los sacramentos de la iglesia, prepar\u00e1ndose al encuentro con el\u00a0Padre celestial.<\/p>\n<p style=\"text-align: justify;\">Rogamos al Pueblo de Dios que peregrina en Argentina, al que Mons. L\u00e9on ha\u00a0servido con entrega generosa y profundo amor de pastor, encomendar a la\u00a0Virgen Sant\u00edsima de Luj\u00e1n el alma del querido Se\u00f1or Nuncio para que lo\u00a0acompa\u00f1e al encuentro con Nuestro Se\u00f1or Jesucristo.\u201d<\/p>\n<p style=\"text-align: right;\" align=\"right\">Buenos Aires, 12 de junio de 2019<\/p>\n<p style=\"text-align: justify;\">Se informa, adem\u00e1s, que nuestro Obispo Diocesano, Mons. \u00c1ngel Jos\u00e9 Mac\u00edn, invita a todos a participar de la celebraci\u00f3n de la Santa Misa que presidir\u00e1 ma\u00f1ana jueves 13 de junio, a las 19: 15 hs., en la Iglesia Catedral de Reconquista, \u00a0pidiendo por el eterno descanso de Mons. L\u00e9on Kalenga Badikebele, para que el Se\u00f1or de consuelo a su familia y amigos, y que el testimonio fiel de su plena entrega al Se\u00f1or traiga consuelo y esperanza a la Iglesia que peregrina en la Argentina.<\/p>\n","protected":false},"excerpt":{"rendered":"<div class=\"mh-excerpt\"><p>Con profundo dolor, desde el Obispado de Reconquista, compartimos el comunicado de la Nunciatura Apost\u00f3lica: \u201cLa Nunciatura Apost\u00f3lica en la Rep\u00fablica Argentina comunica con pesar <a class=\"mh-excerpt-more\" href=\"https:\/\/www.obispadorqta.org.ar\/v3\/pesar-por-el-fallecimiento-del-nuncio-apostolico-en-argentina\/\" title=\"Pesar por el fallecimiento del Nuncio Apost\u00f3lico en Argentina\">[&#8230;]<\/a><\/p>\n<\/div>","protected":false},"author":2,"featured_media":4081,"comment_status":"closed","ping_status":"open","sticky":false,"template":"","format":"standard","meta":{"footnotes":""},"categories":[28],"tags":[],"class_list":["post-4076","post","type-post","status-publish","format-standard","has-post-thumbnail","hentry","category-latest-news"],"_links":{"self":[{"href":"https:\/\/www.obispadorqta.org.ar\/v3\/wp-json\/wp\/v2\/posts\/4076","targetHints":{"allow":["GET"]}}],"collection":[{"href":"https:\/\/www.obispadorqta.org.ar\/v3\/wp-json\/wp\/v2\/posts"}],"about":[{"href":"https:\/\/www.obispadorqta.org.ar\/v3\/wp-json\/wp\/v2\/types\/post"}],"author":[{"embeddable":true,"href":"https:\/\/www.obispadorqta.org.ar\/v3\/wp-json\/wp\/v2\/users\/2"}],"replies":[{"embeddable":true,"href":"https:\/\/www.obispadorqta.org.ar\/v3\/wp-json\/wp\/v2\/comments?post=4076"}],"version-history":[{"count":2,"href":"https:\/\/www.obispadorqta.org.ar\/v3\/wp-json\/wp\/v2\/posts\/4076\/revisions"}],"predecessor-version":[{"id":4080,"href":"https:\/\/www.obispadorqta.org.ar\/v3\/wp-json\/wp\/v2\/posts\/4076\/revisions\/4080"}],"wp:featuredmedia":[{"embeddable":true,"href":"https:\/\/www.obispadorqta.org.ar\/v3\/wp-json\/wp\/v2\/media\/4081"}],"wp:attachment":[{"href":"https:\/\/www.obispadorqta.org.ar\/v3\/wp-json\/wp\/v2\/media?parent=4076"}],"wp:term":[{"taxonomy":"category","embeddable":true,"href":"https:\/\/www.obispadorqta.org.ar\/v3\/wp-json\/wp\/v2\/categories?post=4076"},{"taxonomy":"post_tag","embeddable":true,"href":"https:\/\/www.obispadorqta.org.ar\/v3\/wp-json\/wp\/v2\/tags?post=4076"}],"curies":[{"name":"wp","href":"https:\/\/api.w.org\/{rel}","templated":true}]}}