{"id":4082,"date":"2019-06-13T13:06:52","date_gmt":"2019-06-13T13:06:52","guid":{"rendered":"http:\/\/www.obispadorqta.org.ar\/v3\/?p=4082"},"modified":"2019-06-13T13:08:36","modified_gmt":"2019-06-13T13:08:36","slug":"cierre-jornada-de-capacitacion-y-formacion","status":"publish","type":"post","link":"https:\/\/www.obispadorqta.org.ar\/v3\/cierre-jornada-de-capacitacion-y-formacion\/","title":{"rendered":"Cierre Jornada de Capacitaci\u00f3n y Formaci\u00f3n"},"content":{"rendered":"<p style=\"text-align: justify;\"><span style=\"color: #000000;\">Este s\u00e1bado 15 de junio se realizar\u00e1, en las instalaciones del Instituto Reconquista, el quinto y \u00faltimo m\u00f3dulo de las Jornadas de Capacitaci\u00f3n y Formaci\u00f3n para aspirantes a cargo directivos y\/o secretarios de Di\u00f3cesis de Reconquista 2018 \u2013 2019, organizadas por la Red de Colegios Diocesanos \u201cNuestra Se\u00f1ora de Itat\u00ed\u201d.<\/span><\/p>\n<p style=\"text-align: justify;\"><span style=\"color: #000000;\"><em>\u201cDimensi\u00f3n Eclesial y Pastoral\u201d<\/em> ser\u00e1 el tema principal del encuentro a cargo de Mons. \u00c1ngel Jos\u00e9 Mac\u00edn, obispo de Reconquista.<\/span><\/p>\n<p style=\"text-align: justify;\"><span style=\"color: #000000;\">El mismo es abierto a todos los que deseen participar y de car\u00e1cter obligatorio para los que efectuaron las anteriores capacitaciones.<\/span><\/p>\n<p><img loading=\"lazy\" decoding=\"async\" class=\" wp-image-4083 aligncenter\" src=\"https:\/\/www.obispadorqta.org.ar\/v3\/wp-content\/uploads\/2019\/06\/red-de-colegios-300x236.jpg\" alt=\"\" width=\"693\" height=\"546\" srcset=\"https:\/\/www.obispadorqta.org.ar\/v3\/wp-content\/uploads\/2019\/06\/red-de-colegios-300x236.jpg 300w, https:\/\/www.obispadorqta.org.ar\/v3\/wp-content\/uploads\/2019\/06\/red-de-colegios.jpg 637w\" sizes=\"auto, (max-width: 693px) 100vw, 693px\" \/><\/p>\n<p>&nbsp;<\/p>\n","protected":false},"excerpt":{"rendered":"<div class=\"mh-excerpt\"><p>Este s\u00e1bado 15 de junio se realizar\u00e1, en las instalaciones del Instituto Reconquista, el quinto y \u00faltimo m\u00f3dulo de las Jornadas de Capacitaci\u00f3n y Formaci\u00f3n <a class=\"mh-excerpt-more\" href=\"https:\/\/www.obispadorqta.org.ar\/v3\/cierre-jornada-de-capacitacion-y-formacion\/\" title=\"Cierre Jornada de Capacitaci\u00f3n y Formaci\u00f3n\">[&#8230;]<\/a><\/p>\n<\/div>","protected":false},"author":3,"featured_media":3332,"comment_status":"closed","ping_status":"open","sticky":false,"template":"","format":"standard","meta":{"footnotes":""},"categories":[6,1,28],"tags":[],"class_list":["post-4082","post","type-post","status-publish","format-standard","has-post-thumbnail","hentry","category-news","category-sin-categoria","category-latest-news"],"_links":{"self":[{"href":"https:\/\/www.obispadorqta.org.ar\/v3\/wp-json\/wp\/v2\/posts\/4082","targetHints":{"allow":["GET"]}}],"collection":[{"href":"https:\/\/www.obispadorqta.org.ar\/v3\/wp-json\/wp\/v2\/posts"}],"about":[{"href":"https:\/\/www.obispadorqta.org.ar\/v3\/wp-json\/wp\/v2\/types\/post"}],"author":[{"embeddable":true,"href":"https:\/\/www.obispadorqta.org.ar\/v3\/wp-json\/wp\/v2\/users\/3"}],"replies":[{"embeddable":true,"href":"https:\/\/www.obispadorqta.org.ar\/v3\/wp-json\/wp\/v2\/comments?post=4082"}],"version-history":[{"count":3,"href":"https:\/\/www.obispadorqta.org.ar\/v3\/wp-json\/wp\/v2\/posts\/4082\/revisions"}],"predecessor-version":[{"id":4086,"href":"https:\/\/www.obispadorqta.org.ar\/v3\/wp-json\/wp\/v2\/posts\/4082\/revisions\/4086"}],"wp:featuredmedia":[{"embeddable":true,"href":"https:\/\/www.obispadorqta.org.ar\/v3\/wp-json\/wp\/v2\/media\/3332"}],"wp:attachment":[{"href":"https:\/\/www.obispadorqta.org.ar\/v3\/wp-json\/wp\/v2\/media?parent=4082"}],"wp:term":[{"taxonomy":"category","embeddable":true,"href":"https:\/\/www.obispadorqta.org.ar\/v3\/wp-json\/wp\/v2\/categories?post=4082"},{"taxonomy":"post_tag","embeddable":true,"href":"https:\/\/www.obispadorqta.org.ar\/v3\/wp-json\/wp\/v2\/tags?post=4082"}],"curies":[{"name":"wp","href":"https:\/\/api.w.org\/{rel}","templated":true}]}}