{"id":4099,"date":"2019-06-21T13:19:21","date_gmt":"2019-06-21T13:19:21","guid":{"rendered":"http:\/\/www.obispadorqta.org.ar\/v3\/?p=4099"},"modified":"2019-06-21T14:06:49","modified_gmt":"2019-06-21T14:06:49","slug":"encuentro-zonal-felices-los-pobres","status":"publish","type":"post","link":"https:\/\/www.obispadorqta.org.ar\/v3\/encuentro-zonal-felices-los-pobres\/","title":{"rendered":"Encuentro Zonal \u00abFelices los Pobres\u00bb"},"content":{"rendered":"<p style=\"text-align: justify;\"><span style=\"color: #000000;\">Se llevar\u00e1 a cabo este s\u00e1bado 22 de junio de 15 a 19 hs en la Parroquia \u00abMar\u00eda Madre de Dios\u00bb de Reconquista.<\/span><\/p>\n<p style=\"text-align: justify;\"><span style=\"color: #000000;\">El encuentro esta organizado por las Parroquias de la zona Centro de la Di\u00f3cesis: Iglesia Catedral, San Roque, San Jos\u00e9, Mar\u00eda Madre de Dios y La Encarnaci\u00f3n del Se\u00f1or, de La Sarita.<\/span><\/p>\n<p style=\"text-align: justify;\"><span style=\"color: #000000;\">Este, es un encuentro con actitud de escucha abierta a todos, sobre todos a los mas marginados y pobres de la sociedad, para que ellos encuentren un espacio donde puedan expresar que sienten, que piensan de la Iglesia y que experiencia de Dios tienen, que testimonio pueden aportan ellos desde su condici\u00f3n.<\/span><\/p>\n<p>Llevar silletas y algo para compartir.<\/p>\n<p><span style=\"color: #000080;\"><strong>Programa del\u00a0<\/strong><b>Encuentro<\/b><\/span><\/p>\n<p><strong>15.00<\/strong> <strong><em>Bienvenida <\/em><\/strong><\/p>\n<p><strong>15.30<\/strong> <strong><em>Introducci\u00f3n al evento<\/em><\/strong><\/p>\n<p><strong>16.00<\/strong> <strong><em>Compartir fraterno de nuestra relaci\u00f3n con Dios <\/em><\/strong><\/p>\n<p><strong>16.30<\/strong> <strong><em>Compartir de talentos art\u00edstico<\/em><\/strong><\/p>\n<p><strong>17.00<\/strong> <strong><em>Compartir fraterno de nuestra experiencia de Iglesia <\/em><\/strong><\/p>\n<p><strong>17.30<\/strong> <strong><em>Compartir de talentos art\u00edsticos<\/em><\/strong><\/p>\n<p><strong>18.00<\/strong> <strong><em>Conclusi\u00f3n celebrativa<\/em><\/strong><\/p>\n<p>&nbsp;<\/p>\n<p>&nbsp;<\/p>\n","protected":false},"excerpt":{"rendered":"<div class=\"mh-excerpt\"><p>Se llevar\u00e1 a cabo este s\u00e1bado 22 de junio de 15 a 19 hs en la Parroquia \u00abMar\u00eda Madre de Dios\u00bb de Reconquista. El encuentro <a class=\"mh-excerpt-more\" href=\"https:\/\/www.obispadorqta.org.ar\/v3\/encuentro-zonal-felices-los-pobres\/\" title=\"Encuentro Zonal \u00abFelices los Pobres\u00bb\">[&#8230;]<\/a><\/p>\n<\/div>","protected":false},"author":3,"featured_media":4104,"comment_status":"open","ping_status":"open","sticky":false,"template":"","format":"standard","meta":{"footnotes":""},"categories":[28],"tags":[],"class_list":["post-4099","post","type-post","status-publish","format-standard","has-post-thumbnail","hentry","category-latest-news"],"_links":{"self":[{"href":"https:\/\/www.obispadorqta.org.ar\/v3\/wp-json\/wp\/v2\/posts\/4099","targetHints":{"allow":["GET"]}}],"collection":[{"href":"https:\/\/www.obispadorqta.org.ar\/v3\/wp-json\/wp\/v2\/posts"}],"about":[{"href":"https:\/\/www.obispadorqta.org.ar\/v3\/wp-json\/wp\/v2\/types\/post"}],"author":[{"embeddable":true,"href":"https:\/\/www.obispadorqta.org.ar\/v3\/wp-json\/wp\/v2\/users\/3"}],"replies":[{"embeddable":true,"href":"https:\/\/www.obispadorqta.org.ar\/v3\/wp-json\/wp\/v2\/comments?post=4099"}],"version-history":[{"count":10,"href":"https:\/\/www.obispadorqta.org.ar\/v3\/wp-json\/wp\/v2\/posts\/4099\/revisions"}],"predecessor-version":[{"id":4113,"href":"https:\/\/www.obispadorqta.org.ar\/v3\/wp-json\/wp\/v2\/posts\/4099\/revisions\/4113"}],"wp:featuredmedia":[{"embeddable":true,"href":"https:\/\/www.obispadorqta.org.ar\/v3\/wp-json\/wp\/v2\/media\/4104"}],"wp:attachment":[{"href":"https:\/\/www.obispadorqta.org.ar\/v3\/wp-json\/wp\/v2\/media?parent=4099"}],"wp:term":[{"taxonomy":"category","embeddable":true,"href":"https:\/\/www.obispadorqta.org.ar\/v3\/wp-json\/wp\/v2\/categories?post=4099"},{"taxonomy":"post_tag","embeddable":true,"href":"https:\/\/www.obispadorqta.org.ar\/v3\/wp-json\/wp\/v2\/tags?post=4099"}],"curies":[{"name":"wp","href":"https:\/\/api.w.org\/{rel}","templated":true}]}}