{"id":4218,"date":"2020-02-21T10:22:37","date_gmt":"2020-02-21T13:22:37","guid":{"rendered":"http:\/\/www.obispadorqta.org.ar\/v3\/?p=4218"},"modified":"2020-02-21T10:27:42","modified_gmt":"2020-02-21T13:27:42","slug":"mensaje-episcopal-para-la-cuaresma-de-2020","status":"publish","type":"post","link":"https:\/\/www.obispadorqta.org.ar\/v3\/mensaje-episcopal-para-la-cuaresma-de-2020\/","title":{"rendered":"MENSAJE EPISCOPAL PARA LA CUARESMA DE 2020"},"content":{"rendered":"<p style=\"text-align: center;\"><strong><span style=\"color: #000000;\">PR\u00c1CTICAS CUARESMALES Y ECOLOG\u00cdA INTEGRAL<\/span><\/strong><\/p>\n<p style=\"text-align: justify;\"><span style=\"color: #000000;\">Con el tel\u00f3n de fondo del inspirador documento del Papa Francisco, denominado \u201cQuerida Amazonia\u201d, y en el marco del A\u00f1o Mariano Nacional, les escribo para invitarlos a vivir con fervor el tiempo m\u00e1s relevante del a\u00f1o lit\u00fargico, el tiempo de cuaresma, preparaci\u00f3n inmediata para la Pascua.<\/span><\/p>\n<p style=\"text-align: justify;\"><span style=\"color: #000000;\">En la liturgia del mi\u00e9rcoles de cenizas, cada a\u00f1o proclamamos un luminoso pasaje del Serm\u00f3n de la Monta\u00f1a de Mateo, para iniciar los ejercicios de la Santa Cuaresma, esto es, Mt 6,1-8.16-18.<\/span><\/p>\n<p style=\"text-align: justify;\"><span style=\"color: #000000;\">All\u00ed se nos proponen tres sendas fundamentales para la conversi\u00f3n, para dejarnos alcanzar por la vida nueva de la Pascua: la limosna discreta, la oraci\u00f3n en secreto y el ayuno comprometido.<\/span><\/p>\n<p style=\"text-align: justify;\"><span style=\"color: #000000;\"><strong>1. La limosna y la ecolog\u00eda integral<\/strong><\/span><br \/><span style=\"color: #000000;\">El texto de Mateo, ante todo, nos habla de la limosna. Nos llama a practicarla discretamente, a prestar atenci\u00f3n al otro, al hermano necesitado. Hablando de la limosna en la Iglesia de los primeros tiempos, dec\u00eda San Juan Cris\u00f3stomo:<\/span><\/p>\n<p style=\"text-align: justify;\"><span style=\"color: #000000;\"><em>\u201cNo digo esto con objeto de prohibir la entrega de dones preciosos para los templos, pero s\u00ed que quiero afirmar que, junto con estos dones y aun por encima de ellos, debe pensarse en la caridad para con los pobres. Porque, si Dios acepta los dones para su templo, le agradan, con todo, mucho m\u00e1s las ofrendas que se dan a los pobres. En efecto, de la ofrenda hecha al templo s\u00f3lo saca provecho quien la hizo; en cambio, de la limosna saca provecho tanto quien la hace como quien la recibe. El don dado para el templo puede ser motivo de vanagloria, la limosna, en cambio, s\u00f3lo es signo de amor y de caridad\u201d<\/em> (Homil\u00edas sobre San Mateo, 50,3).<\/span><\/p>\n<p style=\"text-align: justify;\"><span style=\"color: #000000;\">Es preciso aclarar que Cris\u00f3stomo no est\u00e1 en contra de las contribuciones para el cuidado de los templos. Pero trata de ubicar las cosas en su lugar. En este sentido, los primeros escritos cristianos hablan mucho de la relaci\u00f3n entre ayuno y limosna, siendo esta \u00faltima, la motivaci\u00f3n fundamental del verdadero ayuno.<\/span><\/p>\n<p style=\"text-align: justify;\"><span style=\"color: #000000;\">Para una comprensi\u00f3n actualizada de la limosna, nos puede ayudar mucho el concepto de \u201cecolog\u00eda integral\u201d que propone el Papa Francisco. Para el Santo Padre, la ecolog\u00eda no es un simple \u201cconservacionismo\u201d, seg\u00fan escribe en \u201cQuerida Amazonia\u201d (QA 8). La ecolog\u00eda integral es aquella que cuida por igual de la casa com\u00fan y de la vida de los m\u00e1s necesitados. Es evidente, entonces, que la limosna est\u00e1 lejos de perder vigencia. Es uno de los aportes b\u00edblicos para el desarrollo de una ecolog\u00eda integral, a la que nos llama la Iglesia en este tiempo (cf. LS, cap. IV).<\/span><\/p>\n<p style=\"text-align: justify;\"><span style=\"color: #000000;\"><strong>2. La oraci\u00f3n y el silencio<\/strong><\/span><br \/><span style=\"color: #000000;\">Enseguida, el texto de Mateo nos remite al Padre del Cielo. M\u00e1s concretamente, se propone la oraci\u00f3n en secreto. Puede llamar la atenci\u00f3n esto del rezar en un \u00e1mbito reservado. Es que Mateo recuerda con \u00e9nfasis el mensaje de Jes\u00fas que trataba de erradicar, en todos los tiempos, una religi\u00f3n de la apariencia. Por eso, tanto la recomendaci\u00f3n de la limosna como la oraci\u00f3n tienen este tono.<\/span><\/p>\n<p style=\"text-align: justify;\"><span style=\"color: #000000;\">Adem\u00e1s, la cuaresma es un tiempo de retorno a Dios, a trav\u00e9s del hermano. Este retorno se puede plantear de diferentes maneras. Para nosotros, cristianos, el Dios verdadero se nos ha revelado en Jesucristo. Por eso, el tiempo cuaresmal es un tiempo de revisi\u00f3n de nuestra comprensi\u00f3n del misterio de Dios, que es Padre y que nos entrega a su hijo para que tengamos vida plena, y de revisi\u00f3n del trato con nuestro pr\u00f3jimo.<\/span><\/p>\n<p style=\"text-align: justify;\"><span style=\"color: #000000;\">Nos puede pasar que, con el transcurso del tiempo, vamos acomodando a Dios a nuestras maneras de mirar, a nuestras conveniencias. Esta especie de fundamentalismo es un virus dif\u00edcil de combatir, porque nos adormece la conciencia y creemos que tenemos el control sobre todo.<\/span><\/p>\n<p style=\"text-align: justify;\"><span style=\"color: #000000;\">Los caminos que la Palabra de Dios nos ofrece para superar esta posici\u00f3n son el silencio y la oraci\u00f3n al Padre del Cielo. Creo que estas cosas tienen mucha actualidad. Me parece que en los tiempos que corren hablamos demasiado, en diferentes \u00e1mbitos. No pienso en ninguna circunstancia particular. Simplemente, opino que hablamos mucho, demasiado. Con los vecinos, en reuniones de amigos, en los grupos de la Iglesia&#8230;Tambi\u00e9n en las redes sociales. Por supuesto que cada uno es libre de expresarse, siempre que se distinga entre opini\u00f3n personal y verdad, y sin perder de vista la primac\u00eda de la caridad, que debe acompa\u00f1ar toda forma de comunicaci\u00f3n. En otros t\u00e9rminos, lo que quiero decir es que s\u00f3lo merece ser dicha la palabra amasada y fecundada en el silencio (cf. Card. Pironio, Escritos Pastorales).<\/span><\/p>\n<p style=\"text-align: justify;\"><span style=\"color: #000000;\">Silencio para el encuentro con el Padre, que ve en lo secreto. Quiz\u00e1 tengamos que escuchar m\u00e1s a Dios, con una actitud de profundo silencio, como fundamento de una \u201cecolog\u00eda integral\u201d.<\/span><\/p>\n<p style=\"text-align: justify;\"><span style=\"color: #000000;\"><strong>3. El ayuno y el cuidado de la casa com\u00fan<\/strong><\/span><br \/><span style=\"color: #000000;\">Seg\u00fan el texto que nos sirve de orientaci\u00f3n (Mt 6,12-18), el ayuno es otro medio fundamental de la cuaresma. Los Padres de la Iglesia tienen textos muy hermosos y significativos sobre este punto. Rescato uno de un escrito del siglo II, el Pastor de Hermas, que dice: <\/span><\/p>\n<p style=\"text-align: justify;\"><span style=\"color: #000000;\"><em>\u201cEl ayuno que vas a practicar tienes que observarlo de la siguiente forma: ante todo debes cuidarte de toda mala palabra y de todo mal deseo, y debes purificar tu coraz\u00f3n de todas las vanidades de este mundo. Si observas esto, tu ayuno ser\u00e1 perfecto. Har\u00e1s el ayuno de esta forma: una vez que hayas cumplido todo lo que est\u00e1 escrito, el d\u00eda del ayuno no tomar\u00e1s m\u00e1s que pan y agua. Calcular\u00e1s el precio de las comidas que deber\u00edas haber tomado ese d\u00eda, y entregar\u00e1s esa cantidad a una viuda, o a un hu\u00e9rfano, o a un necesitado, y as\u00ed te humillar\u00e1s para que el que recibe el fruto de tu humillaci\u00f3n se sacie y ruegue al Se\u00f1or por ti. Si cumples el ayuno como te lo he mandado, tu sacrificio ser\u00e1 acepto ante Dios y este ayuno quedar\u00e1 escrito. Esta liturgia es hermosa, alegre y aceptable ante el Se\u00f1or\u201d<\/em> (Comparaci\u00f3n quinta, 3, 6-9). <\/span><\/p>\n<p style=\"text-align: justify;\"><span style=\"color: #000000;\">Claramente, el ayuno no es un acto voluntarista o de una religiosidad externa y farisaica, en la l\u00ednea de lo dicho respecto a las dos pr\u00e1cticas anteriores. Es una acci\u00f3n vinculada al hermano necesitado. Hoy podr\u00edamos decir, el ayuno est\u00e1 vinculado tambi\u00e9n a la tierra y a la ecolog\u00eda. Ayuna de un modo adecuado quien escucha el \u201cgrito de la tierra y el clamor de los pobres\u201d, quien cuida de los bienes de la creaci\u00f3n y los comparte con generosidad.<\/span><\/p>\n<p style=\"text-align: justify;\"><span style=\"color: #000000;\"><strong>4. Mar\u00eda, cuida nuestra esperanza<\/strong><\/span><br \/><span style=\"color: #000000;\">El camino cuaresmal, animado por el Esp\u00edritu Santo, mira la Pascua, y es una preparaci\u00f3n prolongada al reconocimiento del Resucitado. A Mar\u00eda Sant\u00edsima, Nuestra Se\u00f1ora del Valle, le encomendamos la cuaresma de este a\u00f1o, tanto en lo personal como en la vida de nuestras comunidades, y le pedimos que vele para que podamos mantener encendida en nosotros la llama de la esperanza, y para que podamos cuidar de la casa que el Se\u00f1or nos ha confiado y de los hermanos, especialmente de los m\u00e1s peque\u00f1os.<\/span><\/p>\n<p style=\"text-align: justify;\"><span style=\"color: #000000;\">Sede Episcopal de Reconquista, Mi\u00e9rcoles de Cenizas, 26 de Febrero de 2020.<\/span><\/p>\n<p style=\"text-align: right;\"><br \/><span style=\"color: #000000;\">+ Mons. \u00c1ngel Jos\u00e9 Mac\u00edn<\/span><br \/><span style=\"color: #000000;\">Obispo de Reconquista<\/span><\/p>\n\n\n<p><\/p>\n","protected":false},"excerpt":{"rendered":"<div class=\"mh-excerpt\"><p>PR\u00c1CTICAS CUARESMALES Y ECOLOG\u00cdA INTEGRAL Con el tel\u00f3n de fondo del inspirador documento del Papa Francisco, denominado \u201cQuerida Amazonia\u201d, y en el marco del A\u00f1o <a class=\"mh-excerpt-more\" href=\"https:\/\/www.obispadorqta.org.ar\/v3\/mensaje-episcopal-para-la-cuaresma-de-2020\/\" title=\"MENSAJE EPISCOPAL PARA LA CUARESMA DE 2020\">[&#8230;]<\/a><\/p>\n<\/div>","protected":false},"author":3,"featured_media":3509,"comment_status":"closed","ping_status":"open","sticky":false,"template":"","format":"standard","meta":{"footnotes":""},"categories":[6,28],"tags":[],"class_list":["post-4218","post","type-post","status-publish","format-standard","has-post-thumbnail","hentry","category-news","category-latest-news"],"_links":{"self":[{"href":"https:\/\/www.obispadorqta.org.ar\/v3\/wp-json\/wp\/v2\/posts\/4218","targetHints":{"allow":["GET"]}}],"collection":[{"href":"https:\/\/www.obispadorqta.org.ar\/v3\/wp-json\/wp\/v2\/posts"}],"about":[{"href":"https:\/\/www.obispadorqta.org.ar\/v3\/wp-json\/wp\/v2\/types\/post"}],"author":[{"embeddable":true,"href":"https:\/\/www.obispadorqta.org.ar\/v3\/wp-json\/wp\/v2\/users\/3"}],"replies":[{"embeddable":true,"href":"https:\/\/www.obispadorqta.org.ar\/v3\/wp-json\/wp\/v2\/comments?post=4218"}],"version-history":[{"count":1,"href":"https:\/\/www.obispadorqta.org.ar\/v3\/wp-json\/wp\/v2\/posts\/4218\/revisions"}],"predecessor-version":[{"id":4921,"href":"https:\/\/www.obispadorqta.org.ar\/v3\/wp-json\/wp\/v2\/posts\/4218\/revisions\/4921"}],"wp:featuredmedia":[{"embeddable":true,"href":"https:\/\/www.obispadorqta.org.ar\/v3\/wp-json\/wp\/v2\/media\/3509"}],"wp:attachment":[{"href":"https:\/\/www.obispadorqta.org.ar\/v3\/wp-json\/wp\/v2\/media?parent=4218"}],"wp:term":[{"taxonomy":"category","embeddable":true,"href":"https:\/\/www.obispadorqta.org.ar\/v3\/wp-json\/wp\/v2\/categories?post=4218"},{"taxonomy":"post_tag","embeddable":true,"href":"https:\/\/www.obispadorqta.org.ar\/v3\/wp-json\/wp\/v2\/tags?post=4218"}],"curies":[{"name":"wp","href":"https:\/\/api.w.org\/{rel}","templated":true}]}}