{"id":4381,"date":"2019-08-29T11:32:12","date_gmt":"2019-08-29T11:32:12","guid":{"rendered":"http:\/\/www.obispadorqta.org.ar\/v3\/?p=4381"},"modified":"2019-08-29T11:32:54","modified_gmt":"2019-08-29T11:32:54","slug":"semana-de-formacion-del-presbiterio-2","status":"publish","type":"post","link":"https:\/\/www.obispadorqta.org.ar\/v3\/semana-de-formacion-del-presbiterio-2\/","title":{"rendered":"SEMANA DE FORMACI\u00d3N DEL PRESBITERIO"},"content":{"rendered":"<p style=\"text-align: justify;\"><span style=\"color: #000000;\">Se realizar\u00e1 en la Casa de Itat\u00ed de Avellaneda y presidida por Mons. \u00c1ngel Jos\u00e9 Mac\u00edn, desde el martes 3 de setiembre, a las 9 hs., hasta el viernes 6, al mediod\u00eda. Adem\u00e1s del intercambio pastoral desde la realidad actual, se trabajar\u00e1 la tem\u00e1tica de la piedad popular en la regi\u00f3n NEA y desde el mi\u00e9rcoles por la tarde, acompa\u00f1ados por una especialista en la materia, se abordar\u00e1 la cuesti\u00f3n de la protecci\u00f3n de menores y personas vulnerables en la Iglesia.<\/span><\/p>\n","protected":false},"excerpt":{"rendered":"<div class=\"mh-excerpt\"><p>Se realizar\u00e1 en la Casa de Itat\u00ed de Avellaneda y presidida por Mons. \u00c1ngel Jos\u00e9 Mac\u00edn, desde el martes 3 de setiembre, a las 9 <a class=\"mh-excerpt-more\" href=\"https:\/\/www.obispadorqta.org.ar\/v3\/semana-de-formacion-del-presbiterio-2\/\" title=\"SEMANA DE FORMACI\u00d3N DEL PRESBITERIO\">[&#8230;]<\/a><\/p>\n<\/div>","protected":false},"author":3,"featured_media":3309,"comment_status":"open","ping_status":"open","sticky":false,"template":"","format":"standard","meta":{"footnotes":""},"categories":[1],"tags":[],"class_list":["post-4381","post","type-post","status-publish","format-standard","has-post-thumbnail","hentry","category-sin-categoria"],"_links":{"self":[{"href":"https:\/\/www.obispadorqta.org.ar\/v3\/wp-json\/wp\/v2\/posts\/4381","targetHints":{"allow":["GET"]}}],"collection":[{"href":"https:\/\/www.obispadorqta.org.ar\/v3\/wp-json\/wp\/v2\/posts"}],"about":[{"href":"https:\/\/www.obispadorqta.org.ar\/v3\/wp-json\/wp\/v2\/types\/post"}],"author":[{"embeddable":true,"href":"https:\/\/www.obispadorqta.org.ar\/v3\/wp-json\/wp\/v2\/users\/3"}],"replies":[{"embeddable":true,"href":"https:\/\/www.obispadorqta.org.ar\/v3\/wp-json\/wp\/v2\/comments?post=4381"}],"version-history":[{"count":1,"href":"https:\/\/www.obispadorqta.org.ar\/v3\/wp-json\/wp\/v2\/posts\/4381\/revisions"}],"predecessor-version":[{"id":4382,"href":"https:\/\/www.obispadorqta.org.ar\/v3\/wp-json\/wp\/v2\/posts\/4381\/revisions\/4382"}],"wp:featuredmedia":[{"embeddable":true,"href":"https:\/\/www.obispadorqta.org.ar\/v3\/wp-json\/wp\/v2\/media\/3309"}],"wp:attachment":[{"href":"https:\/\/www.obispadorqta.org.ar\/v3\/wp-json\/wp\/v2\/media?parent=4381"}],"wp:term":[{"taxonomy":"category","embeddable":true,"href":"https:\/\/www.obispadorqta.org.ar\/v3\/wp-json\/wp\/v2\/categories?post=4381"},{"taxonomy":"post_tag","embeddable":true,"href":"https:\/\/www.obispadorqta.org.ar\/v3\/wp-json\/wp\/v2\/tags?post=4381"}],"curies":[{"name":"wp","href":"https:\/\/api.w.org\/{rel}","templated":true}]}}