{"id":4385,"date":"2019-08-29T12:36:04","date_gmt":"2019-08-29T12:36:04","guid":{"rendered":"http:\/\/www.obispadorqta.org.ar\/v3\/?p=4385"},"modified":"2019-08-29T12:40:37","modified_gmt":"2019-08-29T12:40:37","slug":"nuevo-director-del-instituto-san-juan-pablo-ii","status":"publish","type":"post","link":"https:\/\/www.obispadorqta.org.ar\/v3\/nuevo-director-del-instituto-san-juan-pablo-ii\/","title":{"rendered":"Nuevo Director del Instituto San Juan Pablo II"},"content":{"rendered":"<p>El d\u00eda mi\u00e9rcoles 28 de agosto, en la capilla del colegio \u00abSan Jos\u00e9\u00bb, con la celebraci\u00f3n de la Santa Misa, el Obispo Diocesano, Mons. Dr. \u00c1ngel Jos\u00e9 Mac\u00edn, present\u00f3 al nuevo director del Instituto de Teolog\u00eda y Pastoral \u00abSan Juan Pablo II\u00bb, el Pbro. Lic. Gustavo Armando Braidot, qui\u00e9n asume esta actividad pastoral de la di\u00f3cesis, la cual brinda a los laicos la posibilidad de formar su mente y su coraz\u00f3n seg\u00fan el Evangelio y los capacita para dar razones de su esperanza.<\/p>\n<p><img loading=\"lazy\" decoding=\"async\" class=\"aligncenter size-full wp-image-4387\" src=\"https:\/\/www.obispadorqta.org.ar\/v3\/wp-content\/uploads\/2019\/08\/IMG_20190828_200335.jpg\" alt=\"\" width=\"3439\" height=\"3120\" srcset=\"https:\/\/www.obispadorqta.org.ar\/v3\/wp-content\/uploads\/2019\/08\/IMG_20190828_200335.jpg 3439w, https:\/\/www.obispadorqta.org.ar\/v3\/wp-content\/uploads\/2019\/08\/IMG_20190828_200335-300x272.jpg 300w, https:\/\/www.obispadorqta.org.ar\/v3\/wp-content\/uploads\/2019\/08\/IMG_20190828_200335-768x697.jpg 768w, https:\/\/www.obispadorqta.org.ar\/v3\/wp-content\/uploads\/2019\/08\/IMG_20190828_200335-1024x929.jpg 1024w\" sizes=\"auto, (max-width: 3439px) 100vw, 3439px\" \/><\/p>\n<p>El nuevo Director planteo cuales son los desaf\u00edos y proyectos para esta nueva etapa que inicia, siempre priorizando la profundizaci\u00f3n de los contenidos, la posibilidad de llegar a m\u00e1s localidades de la di\u00f3cesis y as\u00ed poder brindarle las mismas posibilidades a todos los laicos de la di\u00f3cesis, animado por el Obispo Diocesano, en trabajar para formar cristianos y ciudadanos honestos, solidarios y comprometidos con la construcci\u00f3n del bien com\u00fan de nuestra sociedad.<img loading=\"lazy\" decoding=\"async\" class=\"aligncenter size-full wp-image-4388\" src=\"https:\/\/www.obispadorqta.org.ar\/v3\/wp-content\/uploads\/2019\/08\/IMG_20190828_201009.jpg\" alt=\"\" width=\"3976\" height=\"3120\" srcset=\"https:\/\/www.obispadorqta.org.ar\/v3\/wp-content\/uploads\/2019\/08\/IMG_20190828_201009.jpg 3976w, https:\/\/www.obispadorqta.org.ar\/v3\/wp-content\/uploads\/2019\/08\/IMG_20190828_201009-300x235.jpg 300w, https:\/\/www.obispadorqta.org.ar\/v3\/wp-content\/uploads\/2019\/08\/IMG_20190828_201009-768x603.jpg 768w, https:\/\/www.obispadorqta.org.ar\/v3\/wp-content\/uploads\/2019\/08\/IMG_20190828_201009-1024x804.jpg 1024w\" sizes=\"auto, (max-width: 3976px) 100vw, 3976px\" \/><\/p>\n<p>Se realizo un reconocimiento del anterior director del Instituto, Pbro. Lic. Rolando Danilo Gonz\u00e1lez, qui\u00e9n lo fuera durante un per\u00edodo de 11 a\u00f1os, fortaleciendo la instituci\u00f3n y ampliando el alcance a los fieles de la toda la di\u00f3cesis.<img loading=\"lazy\" decoding=\"async\" class=\"aligncenter size-full wp-image-4389\" src=\"https:\/\/www.obispadorqta.org.ar\/v3\/wp-content\/uploads\/2019\/08\/IMG_20190828_200005.jpg\" alt=\"\" width=\"4160\" height=\"3120\" srcset=\"https:\/\/www.obispadorqta.org.ar\/v3\/wp-content\/uploads\/2019\/08\/IMG_20190828_200005.jpg 4160w, https:\/\/www.obispadorqta.org.ar\/v3\/wp-content\/uploads\/2019\/08\/IMG_20190828_200005-300x225.jpg 300w, https:\/\/www.obispadorqta.org.ar\/v3\/wp-content\/uploads\/2019\/08\/IMG_20190828_200005-768x576.jpg 768w, https:\/\/www.obispadorqta.org.ar\/v3\/wp-content\/uploads\/2019\/08\/IMG_20190828_200005-1024x768.jpg 1024w, https:\/\/www.obispadorqta.org.ar\/v3\/wp-content\/uploads\/2019\/08\/IMG_20190828_200005-678x509.jpg 678w, https:\/\/www.obispadorqta.org.ar\/v3\/wp-content\/uploads\/2019\/08\/IMG_20190828_200005-326x245.jpg 326w, https:\/\/www.obispadorqta.org.ar\/v3\/wp-content\/uploads\/2019\/08\/IMG_20190828_200005-80x60.jpg 80w\" sizes=\"auto, (max-width: 4160px) 100vw, 4160px\" \/><\/p>\n<p><em>\u00abA los Ap\u00f3stoles y a sus sucesores les confiri\u00f3 Cristo el encargo de ense\u00f1ar, de santificar y de regir en su mismo nombre y autoridad\u00bb.\u00a0<\/em>Apostolicam Actuositatem 2.<\/p>\n","protected":false},"excerpt":{"rendered":"<div class=\"mh-excerpt\"><p>El d\u00eda mi\u00e9rcoles 28 de agosto, en la capilla del colegio \u00abSan Jos\u00e9\u00bb, con la celebraci\u00f3n de la Santa Misa, el Obispo Diocesano, Mons. Dr. <a class=\"mh-excerpt-more\" href=\"https:\/\/www.obispadorqta.org.ar\/v3\/nuevo-director-del-instituto-san-juan-pablo-ii\/\" title=\"Nuevo Director del Instituto San Juan Pablo II\">[&#8230;]<\/a><\/p>\n<\/div>","protected":false},"author":2,"featured_media":4386,"comment_status":"open","ping_status":"open","sticky":false,"template":"","format":"standard","meta":{"footnotes":""},"categories":[28],"tags":[],"class_list":["post-4385","post","type-post","status-publish","format-standard","has-post-thumbnail","hentry","category-latest-news"],"_links":{"self":[{"href":"https:\/\/www.obispadorqta.org.ar\/v3\/wp-json\/wp\/v2\/posts\/4385","targetHints":{"allow":["GET"]}}],"collection":[{"href":"https:\/\/www.obispadorqta.org.ar\/v3\/wp-json\/wp\/v2\/posts"}],"about":[{"href":"https:\/\/www.obispadorqta.org.ar\/v3\/wp-json\/wp\/v2\/types\/post"}],"author":[{"embeddable":true,"href":"https:\/\/www.obispadorqta.org.ar\/v3\/wp-json\/wp\/v2\/users\/2"}],"replies":[{"embeddable":true,"href":"https:\/\/www.obispadorqta.org.ar\/v3\/wp-json\/wp\/v2\/comments?post=4385"}],"version-history":[{"count":2,"href":"https:\/\/www.obispadorqta.org.ar\/v3\/wp-json\/wp\/v2\/posts\/4385\/revisions"}],"predecessor-version":[{"id":4391,"href":"https:\/\/www.obispadorqta.org.ar\/v3\/wp-json\/wp\/v2\/posts\/4385\/revisions\/4391"}],"wp:featuredmedia":[{"embeddable":true,"href":"https:\/\/www.obispadorqta.org.ar\/v3\/wp-json\/wp\/v2\/media\/4386"}],"wp:attachment":[{"href":"https:\/\/www.obispadorqta.org.ar\/v3\/wp-json\/wp\/v2\/media?parent=4385"}],"wp:term":[{"taxonomy":"category","embeddable":true,"href":"https:\/\/www.obispadorqta.org.ar\/v3\/wp-json\/wp\/v2\/categories?post=4385"},{"taxonomy":"post_tag","embeddable":true,"href":"https:\/\/www.obispadorqta.org.ar\/v3\/wp-json\/wp\/v2\/tags?post=4385"}],"curies":[{"name":"wp","href":"https:\/\/api.w.org\/{rel}","templated":true}]}}