{"id":4392,"date":"2019-08-30T13:18:25","date_gmt":"2019-08-30T16:18:25","guid":{"rendered":"http:\/\/www.obispadorqta.org.ar\/v3\/?p=4392"},"modified":"2023-08-22T11:55:09","modified_gmt":"2023-08-22T14:55:09","slug":"mes-de-la-biblia","status":"publish","type":"post","link":"https:\/\/www.obispadorqta.org.ar\/v3\/mes-de-la-biblia\/","title":{"rendered":"MES DE LA BIBLIA"},"content":{"rendered":"<p style=\"text-align: justify;\"><span style=\"color: #000000;\">Durante el mes de setiembre, la Iglesia celebra el mes de la Biblia. Esta iniciativa consiste en dedicar m\u00e1s atenci\u00f3n a la lectura, la comprensi\u00f3n y la pr\u00e1ctica de la Palabra de Dios contenida en la Sagrada Escritura.<\/span><\/p>\n<p style=\"text-align: justify;\"><span style=\"color: #000000;\">Hay diferentes actividades organizadas en varias parroquias, que tienden a este objetivo. Cabe destacar que en los umbrales del mes, el domingo 1 de Setiembre, en Arroyo Ceibal, se realizar\u00e1 un Encuentro de los Grupos B\u00edblicos de la Parroquia Inmaculada Concepci\u00f3n de Villa Ocampo, desde las 10 hasta las 16 hs.<\/span><\/p>\n","protected":false},"excerpt":{"rendered":"<div class=\"mh-excerpt\"><p>Durante el mes de setiembre, la Iglesia celebra el mes de la Biblia. Esta iniciativa consiste en dedicar m\u00e1s atenci\u00f3n a la lectura, la comprensi\u00f3n <a class=\"mh-excerpt-more\" href=\"https:\/\/www.obispadorqta.org.ar\/v3\/mes-de-la-biblia\/\" title=\"MES DE LA BIBLIA\">[&#8230;]<\/a><\/p>\n<\/div>","protected":false},"author":3,"featured_media":4396,"comment_status":"closed","ping_status":"open","sticky":false,"template":"","format":"standard","meta":{"footnotes":""},"categories":[6,28],"tags":[],"class_list":["post-4392","post","type-post","status-publish","format-standard","has-post-thumbnail","hentry","category-news","category-latest-news"],"_links":{"self":[{"href":"https:\/\/www.obispadorqta.org.ar\/v3\/wp-json\/wp\/v2\/posts\/4392","targetHints":{"allow":["GET"]}}],"collection":[{"href":"https:\/\/www.obispadorqta.org.ar\/v3\/wp-json\/wp\/v2\/posts"}],"about":[{"href":"https:\/\/www.obispadorqta.org.ar\/v3\/wp-json\/wp\/v2\/types\/post"}],"author":[{"embeddable":true,"href":"https:\/\/www.obispadorqta.org.ar\/v3\/wp-json\/wp\/v2\/users\/3"}],"replies":[{"embeddable":true,"href":"https:\/\/www.obispadorqta.org.ar\/v3\/wp-json\/wp\/v2\/comments?post=4392"}],"version-history":[{"count":2,"href":"https:\/\/www.obispadorqta.org.ar\/v3\/wp-json\/wp\/v2\/posts\/4392\/revisions"}],"predecessor-version":[{"id":4397,"href":"https:\/\/www.obispadorqta.org.ar\/v3\/wp-json\/wp\/v2\/posts\/4392\/revisions\/4397"}],"wp:featuredmedia":[{"embeddable":true,"href":"https:\/\/www.obispadorqta.org.ar\/v3\/wp-json\/wp\/v2\/media\/4396"}],"wp:attachment":[{"href":"https:\/\/www.obispadorqta.org.ar\/v3\/wp-json\/wp\/v2\/media?parent=4392"}],"wp:term":[{"taxonomy":"category","embeddable":true,"href":"https:\/\/www.obispadorqta.org.ar\/v3\/wp-json\/wp\/v2\/categories?post=4392"},{"taxonomy":"post_tag","embeddable":true,"href":"https:\/\/www.obispadorqta.org.ar\/v3\/wp-json\/wp\/v2\/tags?post=4392"}],"curies":[{"name":"wp","href":"https:\/\/api.w.org\/{rel}","templated":true}]}}