{"id":4398,"date":"2019-08-30T14:07:06","date_gmt":"2019-08-30T14:07:06","guid":{"rendered":"http:\/\/www.obispadorqta.org.ar\/v3\/?p=4398"},"modified":"2019-08-30T14:10:28","modified_gmt":"2019-08-30T14:10:28","slug":"jornada-taller-sobre-la-proteccion-de-los-menores-y-personas-vulnerables-en-los-ambitos-eclesiales","status":"publish","type":"post","link":"https:\/\/www.obispadorqta.org.ar\/v3\/jornada-taller-sobre-la-proteccion-de-los-menores-y-personas-vulnerables-en-los-ambitos-eclesiales\/","title":{"rendered":"Jornada &#8211; Taller de Prevenci\u00f3n"},"content":{"rendered":"<p style=\"text-align: justify;\"><span style=\"color: #000000;\">El S\u00e1bado 7 de septiembre, de 8,00 hs. a 17,30 hs. en las instalaciones del Club de Abuelos de Reconquista, Olessio n\u00ba 1902, se llevar\u00e1 a cabo una <strong>Jornada &#8211; Taller sobre \u00abLa Protecci\u00f3n de los menores y personas vulnerables, en los \u00e1mbitos eclesiales\u00bb<\/strong>, el mismo estar\u00e1 a cargo de los miembros del Tribunal Diocesano de Reconquista y contar\u00e1 adem\u00e1s con la participaci\u00f3n de la Dra. Mar\u00eda In\u00e9s Franck, Doctora en Sociolog\u00eda y Licenciada en Ciencias Pol\u00edticas de Pontificia Universidad Cat\u00f3lica Argentina, miembro del equipo para la Protecci\u00f3n de menores de la Arquidi\u00f3cesis de Paran\u00e1, provincia de Entre R\u00edos. <\/span><\/p>\n<p style=\"text-align: justify;\"><span style=\"color: #000000;\">Asimismo, en el contexto de estas jornadas se presentar\u00e1 el <em><strong>\u00abC\u00f3digo de Conducta de la Di\u00f3cesis de Reconquista, para la protecci\u00f3n e interacci\u00f3n con los menores y personas vulnerables, en los \u00e1mbitos eclesiales\u00bb,<\/strong><\/em> en consideraci\u00f3n a la gran cantidad y complejidad de situaciones de riesgo a las que se enfrentan los menores y personas vulnerables a causa de multiplicidad de factores (personales, econ\u00f3micos, sociales y familiares), situaciones que nos exigen a formarnos como integrantes de la comunidad eclesial para proteger y prevenir eficazmente todo tipo de atropello y abuso a la dignidad humana de los m\u00e1s vulnerables.<\/span><\/p>\n<p style=\"text-align: justify;\"><span style=\"color: #000000;\">Esta Jornada &#8211; Taller es abierta a todas las personas y los fieles laicos de la Di\u00f3cesis de Reconquista.<\/span><br \/>\n<span style=\"color: #000000;\">Recordamos que el almuerzo no ser\u00e1 provisto por la organizaci\u00f3n del evento.<\/span><\/p>\n","protected":false},"excerpt":{"rendered":"<div class=\"mh-excerpt\"><p>El S\u00e1bado 7 de septiembre, de 8,00 hs. a 17,30 hs. en las instalaciones del Club de Abuelos de Reconquista, Olessio n\u00ba 1902, se llevar\u00e1 <a class=\"mh-excerpt-more\" href=\"https:\/\/www.obispadorqta.org.ar\/v3\/jornada-taller-sobre-la-proteccion-de-los-menores-y-personas-vulnerables-en-los-ambitos-eclesiales\/\" title=\"Jornada &#8211; Taller de Prevenci\u00f3n\">[&#8230;]<\/a><\/p>\n<\/div>","protected":false},"author":3,"featured_media":4402,"comment_status":"closed","ping_status":"open","sticky":false,"template":"","format":"standard","meta":{"footnotes":""},"categories":[6,28],"tags":[],"class_list":["post-4398","post","type-post","status-publish","format-standard","has-post-thumbnail","hentry","category-news","category-latest-news"],"_links":{"self":[{"href":"https:\/\/www.obispadorqta.org.ar\/v3\/wp-json\/wp\/v2\/posts\/4398","targetHints":{"allow":["GET"]}}],"collection":[{"href":"https:\/\/www.obispadorqta.org.ar\/v3\/wp-json\/wp\/v2\/posts"}],"about":[{"href":"https:\/\/www.obispadorqta.org.ar\/v3\/wp-json\/wp\/v2\/types\/post"}],"author":[{"embeddable":true,"href":"https:\/\/www.obispadorqta.org.ar\/v3\/wp-json\/wp\/v2\/users\/3"}],"replies":[{"embeddable":true,"href":"https:\/\/www.obispadorqta.org.ar\/v3\/wp-json\/wp\/v2\/comments?post=4398"}],"version-history":[{"count":3,"href":"https:\/\/www.obispadorqta.org.ar\/v3\/wp-json\/wp\/v2\/posts\/4398\/revisions"}],"predecessor-version":[{"id":4404,"href":"https:\/\/www.obispadorqta.org.ar\/v3\/wp-json\/wp\/v2\/posts\/4398\/revisions\/4404"}],"wp:featuredmedia":[{"embeddable":true,"href":"https:\/\/www.obispadorqta.org.ar\/v3\/wp-json\/wp\/v2\/media\/4402"}],"wp:attachment":[{"href":"https:\/\/www.obispadorqta.org.ar\/v3\/wp-json\/wp\/v2\/media?parent=4398"}],"wp:term":[{"taxonomy":"category","embeddable":true,"href":"https:\/\/www.obispadorqta.org.ar\/v3\/wp-json\/wp\/v2\/categories?post=4398"},{"taxonomy":"post_tag","embeddable":true,"href":"https:\/\/www.obispadorqta.org.ar\/v3\/wp-json\/wp\/v2\/tags?post=4398"}],"curies":[{"name":"wp","href":"https:\/\/api.w.org\/{rel}","templated":true}]}}