{"id":4405,"date":"2019-09-02T14:32:15","date_gmt":"2019-09-02T14:32:15","guid":{"rendered":"http:\/\/www.obispadorqta.org.ar\/v3\/?p=4405"},"modified":"2019-09-02T14:38:22","modified_gmt":"2019-09-02T14:38:22","slug":"colecta-nacional-mas-por-menos-8","status":"publish","type":"post","link":"https:\/\/www.obispadorqta.org.ar\/v3\/colecta-nacional-mas-por-menos-8\/","title":{"rendered":"COLECTA NACIONAL MAS POR MENOS"},"content":{"rendered":"<p style=\"text-align: justify;\">El <strong>s\u00e1bado 07 y el domingo 08 de septiembre<\/strong> se realizar\u00e1 en todas las misas del Pa\u00eds la<strong> Colecta Nacional M\u00e1s por Menos bajo el lema\u00a0<em>\u201c\u00a0\u201c50 a\u00f1os juntos dando m\u00e1s para que otros sufran menos\u201d<\/em><\/strong><br \/>\nEs una colecta imperada por la Conferencia Episcopal Argentina y organizada por la Comisi\u00f3n Episcopal de Ayuda a las Regiones M\u00e1s Necesitadas.<\/p>\n<p style=\"text-align: justify;\">Las obras que apoya M\u00e1s por Menos ayudan a paliar las dificultades de gran parte de la poblaci\u00f3n del interior, especialmente aquella que se encuentra marginada en las zonas m\u00e1s pobres de Argentina. Por ello, M\u00e1s por Menos, es un puente de comunicaci\u00f3n entre los que m\u00e1s tienen y los que tienen poco o nada. Los obispos la definen como \u201cun espacio creado para compensar la falta de equidad social\u201d. La colecta M\u00e1s por Menos es una de las de mayor envergadura dentro de la Iglesia Cat\u00f3lica Argentina.<\/p>\n<p style=\"text-align: justify;\">En la Argentina hay una profunda inequidad con muchos recursos por un lado y muchas necesidades por el otro. Esta colecta es un gesto que busca que estas dos realidades puedan encontrarse.<\/p>\n<p style=\"text-align: justify;\">M\u00e1s por Menos significa brindar auxilio para que la Iglesia pueda llegar a todos con su mensaje de vida y su amor solidario. Sin excluir a nadie, esta colecta pretende ser un instrumento m\u00e1s para fortalecer con recursos la convocatoria a todos a asumir la Buena Noticia del Evangelio en una vida pastoral y comunitaria que ayude a formar ciudadanos responsables, honestos y justos.<\/p>\n","protected":false},"excerpt":{"rendered":"<div class=\"mh-excerpt\"><p>El s\u00e1bado 07 y el domingo 08 de septiembre se realizar\u00e1 en todas las misas del Pa\u00eds la Colecta Nacional M\u00e1s por Menos bajo el <a class=\"mh-excerpt-more\" href=\"https:\/\/www.obispadorqta.org.ar\/v3\/colecta-nacional-mas-por-menos-8\/\" title=\"COLECTA NACIONAL MAS POR MENOS\">[&#8230;]<\/a><\/p>\n<\/div>","protected":false},"author":3,"featured_media":4412,"comment_status":"closed","ping_status":"open","sticky":false,"template":"","format":"standard","meta":{"footnotes":""},"categories":[6,28],"tags":[],"class_list":["post-4405","post","type-post","status-publish","format-standard","has-post-thumbnail","hentry","category-news","category-latest-news"],"_links":{"self":[{"href":"https:\/\/www.obispadorqta.org.ar\/v3\/wp-json\/wp\/v2\/posts\/4405","targetHints":{"allow":["GET"]}}],"collection":[{"href":"https:\/\/www.obispadorqta.org.ar\/v3\/wp-json\/wp\/v2\/posts"}],"about":[{"href":"https:\/\/www.obispadorqta.org.ar\/v3\/wp-json\/wp\/v2\/types\/post"}],"author":[{"embeddable":true,"href":"https:\/\/www.obispadorqta.org.ar\/v3\/wp-json\/wp\/v2\/users\/3"}],"replies":[{"embeddable":true,"href":"https:\/\/www.obispadorqta.org.ar\/v3\/wp-json\/wp\/v2\/comments?post=4405"}],"version-history":[{"count":3,"href":"https:\/\/www.obispadorqta.org.ar\/v3\/wp-json\/wp\/v2\/posts\/4405\/revisions"}],"predecessor-version":[{"id":4411,"href":"https:\/\/www.obispadorqta.org.ar\/v3\/wp-json\/wp\/v2\/posts\/4405\/revisions\/4411"}],"wp:featuredmedia":[{"embeddable":true,"href":"https:\/\/www.obispadorqta.org.ar\/v3\/wp-json\/wp\/v2\/media\/4412"}],"wp:attachment":[{"href":"https:\/\/www.obispadorqta.org.ar\/v3\/wp-json\/wp\/v2\/media?parent=4405"}],"wp:term":[{"taxonomy":"category","embeddable":true,"href":"https:\/\/www.obispadorqta.org.ar\/v3\/wp-json\/wp\/v2\/categories?post=4405"},{"taxonomy":"post_tag","embeddable":true,"href":"https:\/\/www.obispadorqta.org.ar\/v3\/wp-json\/wp\/v2\/tags?post=4405"}],"curies":[{"name":"wp","href":"https:\/\/api.w.org\/{rel}","templated":true}]}}