{"id":4416,"date":"2019-09-04T11:32:21","date_gmt":"2019-09-04T14:32:21","guid":{"rendered":"http:\/\/www.obispadorqta.org.ar\/v3\/?p=4416"},"modified":"2023-08-22T11:54:55","modified_gmt":"2023-08-22T14:54:55","slug":"camino-a-los-altares","status":"publish","type":"post","link":"https:\/\/www.obispadorqta.org.ar\/v3\/camino-a-los-altares\/","title":{"rendered":"CAMINO A LOS ALTARES"},"content":{"rendered":"<p style=\"text-align: justify;\"><span style=\"color: #000000;\">En la misa de ayer, martes 3 de setiembre, concelebrada por todo el presbiterio y un nutrido grupo de fieles, en el Templo Parroquial de Avellaneda, el Obispo Diocesano, Mons. \u00c1ngel Jos\u00e9 Mac\u00edn, anunci\u00f3 que en breve iniciar\u00e1 el procedimiento para que<strong> Mons. Juan Jos\u00e9 Iriarte y el P. Armano Iacuzzi sean reconocidos como beatos, y Dios mediante, como santos en la Iglesia.<\/strong><\/span><\/p>\n<p style=\"text-align: justify;\"><span style=\"color: #000000;\">Ante la sorpresa y alegr\u00eda de los presentes, el obispo afirm\u00f3 que <em>\u00abfui madurando lentamente esta iniciativa, en la escucha de la gente y en la oraci\u00f3n personal. Pienso que son dos figuras que nos muestran con toda transparencia su entrega en el proceso de inculturaci\u00f3n del evangelio en estas tierras\u00bb.<\/em> Agreg\u00f3, adem\u00e1s, que<em> \u00abnecesitamos santos cercanos, que nos ayuden y estimulen a concretar la visi\u00f3n el Concilio Vaticano II. Sin dudas, Mons. Iriarte y el P. Armando son gente de el Concilio\u00bb.<\/em><\/span><\/p>\n<p style=\"text-align: justify;\"><span style=\"color: #000000;\">M\u00e1s adelante se van a informar los pasos a seguir para darle cauce a esta decisi\u00f3n. Dios dir\u00e1 luego la \u00faltima Palabra.<\/span><\/p>\n<p>&nbsp;<\/p>\n<p>&nbsp;<\/p>\n<p>&nbsp;<\/p>\n","protected":false},"excerpt":{"rendered":"<div class=\"mh-excerpt\"><p>En la misa de ayer, martes 3 de setiembre, concelebrada por todo el presbiterio y un nutrido grupo de fieles, en el Templo Parroquial de <a class=\"mh-excerpt-more\" href=\"https:\/\/www.obispadorqta.org.ar\/v3\/camino-a-los-altares\/\" title=\"CAMINO A LOS ALTARES\">[&#8230;]<\/a><\/p>\n<\/div>","protected":false},"author":3,"featured_media":4417,"comment_status":"closed","ping_status":"open","sticky":false,"template":"","format":"standard","meta":{"footnotes":""},"categories":[6,28],"tags":[],"class_list":["post-4416","post","type-post","status-publish","format-standard","has-post-thumbnail","hentry","category-news","category-latest-news"],"_links":{"self":[{"href":"https:\/\/www.obispadorqta.org.ar\/v3\/wp-json\/wp\/v2\/posts\/4416","targetHints":{"allow":["GET"]}}],"collection":[{"href":"https:\/\/www.obispadorqta.org.ar\/v3\/wp-json\/wp\/v2\/posts"}],"about":[{"href":"https:\/\/www.obispadorqta.org.ar\/v3\/wp-json\/wp\/v2\/types\/post"}],"author":[{"embeddable":true,"href":"https:\/\/www.obispadorqta.org.ar\/v3\/wp-json\/wp\/v2\/users\/3"}],"replies":[{"embeddable":true,"href":"https:\/\/www.obispadorqta.org.ar\/v3\/wp-json\/wp\/v2\/comments?post=4416"}],"version-history":[{"count":4,"href":"https:\/\/www.obispadorqta.org.ar\/v3\/wp-json\/wp\/v2\/posts\/4416\/revisions"}],"predecessor-version":[{"id":4436,"href":"https:\/\/www.obispadorqta.org.ar\/v3\/wp-json\/wp\/v2\/posts\/4416\/revisions\/4436"}],"wp:featuredmedia":[{"embeddable":true,"href":"https:\/\/www.obispadorqta.org.ar\/v3\/wp-json\/wp\/v2\/media\/4417"}],"wp:attachment":[{"href":"https:\/\/www.obispadorqta.org.ar\/v3\/wp-json\/wp\/v2\/media?parent=4416"}],"wp:term":[{"taxonomy":"category","embeddable":true,"href":"https:\/\/www.obispadorqta.org.ar\/v3\/wp-json\/wp\/v2\/categories?post=4416"},{"taxonomy":"post_tag","embeddable":true,"href":"https:\/\/www.obispadorqta.org.ar\/v3\/wp-json\/wp\/v2\/tags?post=4416"}],"curies":[{"name":"wp","href":"https:\/\/api.w.org\/{rel}","templated":true}]}}