{"id":4427,"date":"2019-09-06T12:38:19","date_gmt":"2019-09-06T12:38:19","guid":{"rendered":"http:\/\/www.obispadorqta.org.ar\/v3\/?p=4427"},"modified":"2019-09-06T12:43:16","modified_gmt":"2019-09-06T12:43:16","slug":"4427-2","status":"publish","type":"post","link":"https:\/\/www.obispadorqta.org.ar\/v3\/4427-2\/","title":{"rendered":"MENSAJE AL PUEBLO DE DIOS"},"content":{"rendered":"<p style=\"text-align: center;\"><em><span style=\"color: #000000;\"><strong>\u201cEN ESTA HORA DE LA PATRIA, ESPERANZA Y COMPROMISO\u201d<\/strong><\/span><\/em><\/p>\n<p style=\"text-align: justify;\"><span style=\"color: #000000;\">1.- Los sacerdotes de la di\u00f3cesis de Reconquista, junto a nuestro Obispo, reunidos en la Semana Anual de Formaci\u00f3n, nos dejamos interpelar por la voz de nuestro pueblo que en este tiempo vive una p\u00e1gina dif\u00edcil de su historia, y por la voz de Dios que nos env\u00eda a este mismo pueblo para ayudar a discernir los signos de su presencia y a caminar junto a \u00e9l animando la esperanza.<\/span><\/p>\n<p style=\"text-align: justify;\"><span style=\"color: #000000;\">2.- La esperanza cristiana no es ilusi\u00f3n o mera expresi\u00f3n de deseos. Se funda en la Resurrecci\u00f3n de Jesucristo, vencedor del pecado, el mal y la muerte. Jesucristo venci\u00f3 el mal por la fuerza de su amor, de su vida entregada para hacer el bien a todos <em>(Hch 10, 38),<\/em> incluso a sus verdugos <em>(Lc 23, 34).<\/em> \u00c9l es el rostro, el coraz\u00f3n y las manos del Padre <em>(Jn 14, 9)<\/em> ofreciendo a todos su misericordia, reintegr\u00e1ndonos en nuestra dignidad de hijos de Dios. En \u00c9l encontramos la inspiraci\u00f3n y la fuerza para salir de esta crisis tan profunda que, trascendiendo lo econ\u00f3mico, envuelve tambi\u00e9n el orden pol\u00edtico, la vida social, la dimensi\u00f3n ecol\u00f3gica y hasta el mismo estilo de vida de la Naci\u00f3n.<\/span><\/p>\n<p style=\"text-align: justify;\"><span style=\"color: #000000;\">3.- A partir de la fe en Jesucristo, necesitamos recrear juntos las fuentes de la esperanza que nos impulsa a mirar m\u00e1s all\u00e1 de las circunstancias que hoy vivimos. Una fuente es tener memoria de nuestras propias crisis y del esp\u00edritu con que nos hicimos cargo de ellas: \u00a1Nosotros somos la crisis y la tenemos que atravesar y superar! Otra fuente es la que surge del encuentro, del caminar juntos, de construir puentes y no muros de enfrentamientos, de una cadena de manos que se unen a\u00fan en las diferencias. Con varios colores vamos a levantar una bandera donde venceremos todos, venceremos con la unidad todo acecho de enfrentamiento y divisi\u00f3n.<\/span><\/p>\n<p style=\"text-align: justify;\"><span style=\"color: #000000;\">4.- La tarea es inmensa: hay que recrear la justicia, la honestidad de ciudadanos y dirigentes, el entramado social, el respeto a las instituciones democr\u00e1ticas, la pol\u00edtica como servicio al bien com\u00fan, el sentido de la responsabilidad y del trabajo, el destino social de los bienes, el respeto a la vida y a la dignidad de toda persona, la veracidad en la informaci\u00f3n. Para ello hay que desterrar de la vida p\u00fablica y privada la corrupci\u00f3n, la violencia, la mentira, el ego\u00edsmo, la b\u00fasqueda de privilegios, los fanatismos, la indiferencia\u2026 y tantos otros males fuertemente enquistados.<\/span><\/p>\n<p style=\"text-align: justify;\"><span style=\"color: #000000;\">5.- La tarea es inmensa pero no imposible: empieza por nosotros mismos, sabi\u00e9ndonos corresponsables y actores de nuevas actitudes, que hemos de mantener con coherencia en la vida cotidiana. Y as\u00ed contagiar a otros, viendo que este camino sana heridas, restaura v\u00ednculos, genera esperanza, construye futuro.<\/span><\/p>\n<p style=\"text-align: justify;\"><span style=\"color: #000000;\">6.- El Evangelio nos ense\u00f1a a mirar desde los pobres, los peque\u00f1os, los d\u00e9biles, los excluidos. Si generamos una cultura, un modo de entender la vida, la sociedad y la patria que privilegia a los d\u00e9biles, creceremos en humanidad e iremos encontrando los caminos de una convivencia social justa y plena.<\/span><\/p>\n<p style=\"text-align: justify;\"><span style=\"color: #000000;\">7.- \u201cDado que la crisis afecta a los v\u00ednculos sociales, se hace necesario que, con imaginaci\u00f3n y creatividad, todos participemos en recomponerlos, sea en la familia, el barrio, el municipio, el trabajo o la profesi\u00f3n. Hoy la Patria requiere algo in\u00e9dito. Dondequiera que estemos podemos hacer algo para generar mayor comuni\u00f3n. Nosotros mismos, como ministros de reconciliaci\u00f3n, unidad y comuni\u00f3n, nos comprometemos a intensificar nuestro trabajo en la reconstrucci\u00f3n de esos v\u00ednculos\u201d, siendo cercanos a los que m\u00e1s sufren en esta crisis <em>(CEA, \u201cHoy la Patria requiere algo in\u00e9dito\u201d, n\u00ba 12)<\/em>.<\/span><\/p>\n<p style=\"text-align: justify;\"><span style=\"color: #000000;\">8.- Ante lo arduo del desaf\u00edo, junto a Mar\u00eda, mujer de esperanza, y animados por la fuerza del Esp\u00edritu Santo, tenemos presente las palabras de Jes\u00fas: <em>\u201cNo teman (cf Mt 10, 26)<\/em>. Yo estar\u00e9 con ustedes todos los d\u00edas, hasta el fin del mundo\u201d<em> (Mt 28, 20)<\/em>.<\/span><\/p>\n<p style=\"text-align: center;\"><span style=\"color: #000000;\">-.-.-.-.-.-.-.-.-.-.-.-.-.-.-.-.-.-.-.-.-.-.-<\/span><\/p>\n","protected":false},"excerpt":{"rendered":"<div class=\"mh-excerpt\"><p>\u201cEN ESTA HORA DE LA PATRIA, ESPERANZA Y COMPROMISO\u201d 1.- Los sacerdotes de la di\u00f3cesis de Reconquista, junto a nuestro Obispo, reunidos en la Semana <a class=\"mh-excerpt-more\" href=\"https:\/\/www.obispadorqta.org.ar\/v3\/4427-2\/\" title=\"MENSAJE AL PUEBLO DE DIOS\">[&#8230;]<\/a><\/p>\n<\/div>","protected":false},"author":3,"featured_media":4431,"comment_status":"closed","ping_status":"open","sticky":false,"template":"","format":"standard","meta":{"footnotes":""},"categories":[6,28],"tags":[],"class_list":["post-4427","post","type-post","status-publish","format-standard","has-post-thumbnail","hentry","category-news","category-latest-news"],"_links":{"self":[{"href":"https:\/\/www.obispadorqta.org.ar\/v3\/wp-json\/wp\/v2\/posts\/4427","targetHints":{"allow":["GET"]}}],"collection":[{"href":"https:\/\/www.obispadorqta.org.ar\/v3\/wp-json\/wp\/v2\/posts"}],"about":[{"href":"https:\/\/www.obispadorqta.org.ar\/v3\/wp-json\/wp\/v2\/types\/post"}],"author":[{"embeddable":true,"href":"https:\/\/www.obispadorqta.org.ar\/v3\/wp-json\/wp\/v2\/users\/3"}],"replies":[{"embeddable":true,"href":"https:\/\/www.obispadorqta.org.ar\/v3\/wp-json\/wp\/v2\/comments?post=4427"}],"version-history":[{"count":5,"href":"https:\/\/www.obispadorqta.org.ar\/v3\/wp-json\/wp\/v2\/posts\/4427\/revisions"}],"predecessor-version":[{"id":4433,"href":"https:\/\/www.obispadorqta.org.ar\/v3\/wp-json\/wp\/v2\/posts\/4427\/revisions\/4433"}],"wp:featuredmedia":[{"embeddable":true,"href":"https:\/\/www.obispadorqta.org.ar\/v3\/wp-json\/wp\/v2\/media\/4431"}],"wp:attachment":[{"href":"https:\/\/www.obispadorqta.org.ar\/v3\/wp-json\/wp\/v2\/media?parent=4427"}],"wp:term":[{"taxonomy":"category","embeddable":true,"href":"https:\/\/www.obispadorqta.org.ar\/v3\/wp-json\/wp\/v2\/categories?post=4427"},{"taxonomy":"post_tag","embeddable":true,"href":"https:\/\/www.obispadorqta.org.ar\/v3\/wp-json\/wp\/v2\/tags?post=4427"}],"curies":[{"name":"wp","href":"https:\/\/api.w.org\/{rel}","templated":true}]}}