{"id":4469,"date":"2019-01-15T21:58:55","date_gmt":"2019-01-15T21:58:55","guid":{"rendered":"http:\/\/www.obispadorqta.org.ar\/v3\/?p=4469"},"modified":"2019-09-11T11:36:59","modified_gmt":"2019-09-11T11:36:59","slug":"presentacion-en-power-point-del-codigo-de-conducta","status":"publish","type":"post","link":"https:\/\/www.obispadorqta.org.ar\/v3\/presentacion-en-power-point-del-codigo-de-conducta\/","title":{"rendered":"Presentaci\u00f3n en Power Point del C\u00f3digo de Conducta"},"content":{"rendered":"<p>Para descargar el power point de la presentaci\u00f3n C\u00f3digo de Conducta, realizada por el Vicario Judicial, Pbro. Lic. Jorge Luis Duarte Paz, haga click en el siguiente link:<\/p>\n<p><a href=\"https:\/\/www.obispadorqta.org.ar\/v3\/wp-content\/uploads\/2019\/09\/POWERPOINT-CODIGO-CONDUCTA-2019.pptx\">POWERPOINT CODIGO CONDUCTA 2019<\/a><\/p>\n<p>&nbsp;<\/p>\n<p>&nbsp;<\/p>\n<p>&nbsp;<\/p>\n<p>&nbsp;<\/p>\n","protected":false},"excerpt":{"rendered":"<div class=\"mh-excerpt\"><p>Para descargar el power point de la presentaci\u00f3n C\u00f3digo de Conducta, realizada por el Vicario Judicial, Pbro. Lic. Jorge Luis Duarte Paz, haga click en <a class=\"mh-excerpt-more\" href=\"https:\/\/www.obispadorqta.org.ar\/v3\/presentacion-en-power-point-del-codigo-de-conducta\/\" title=\"Presentaci\u00f3n en Power Point del C\u00f3digo de Conducta\">[&#8230;]<\/a><\/p>\n<\/div>","protected":false},"author":2,"featured_media":3509,"comment_status":"closed","ping_status":"open","sticky":false,"template":"","format":"standard","meta":{"footnotes":""},"categories":[3],"tags":[],"class_list":["post-4469","post","type-post","status-publish","format-standard","has-post-thumbnail","hentry","category-protecciondemenores"],"_links":{"self":[{"href":"https:\/\/www.obispadorqta.org.ar\/v3\/wp-json\/wp\/v2\/posts\/4469","targetHints":{"allow":["GET"]}}],"collection":[{"href":"https:\/\/www.obispadorqta.org.ar\/v3\/wp-json\/wp\/v2\/posts"}],"about":[{"href":"https:\/\/www.obispadorqta.org.ar\/v3\/wp-json\/wp\/v2\/types\/post"}],"author":[{"embeddable":true,"href":"https:\/\/www.obispadorqta.org.ar\/v3\/wp-json\/wp\/v2\/users\/2"}],"replies":[{"embeddable":true,"href":"https:\/\/www.obispadorqta.org.ar\/v3\/wp-json\/wp\/v2\/comments?post=4469"}],"version-history":[{"count":3,"href":"https:\/\/www.obispadorqta.org.ar\/v3\/wp-json\/wp\/v2\/posts\/4469\/revisions"}],"predecessor-version":[{"id":4475,"href":"https:\/\/www.obispadorqta.org.ar\/v3\/wp-json\/wp\/v2\/posts\/4469\/revisions\/4475"}],"wp:featuredmedia":[{"embeddable":true,"href":"https:\/\/www.obispadorqta.org.ar\/v3\/wp-json\/wp\/v2\/media\/3509"}],"wp:attachment":[{"href":"https:\/\/www.obispadorqta.org.ar\/v3\/wp-json\/wp\/v2\/media?parent=4469"}],"wp:term":[{"taxonomy":"category","embeddable":true,"href":"https:\/\/www.obispadorqta.org.ar\/v3\/wp-json\/wp\/v2\/categories?post=4469"},{"taxonomy":"post_tag","embeddable":true,"href":"https:\/\/www.obispadorqta.org.ar\/v3\/wp-json\/wp\/v2\/tags?post=4469"}],"curies":[{"name":"wp","href":"https:\/\/api.w.org\/{rel}","templated":true}]}}