{"id":4478,"date":"2019-09-13T13:38:40","date_gmt":"2019-09-13T13:38:40","guid":{"rendered":"http:\/\/www.obispadorqta.org.ar\/v3\/?p=4478"},"modified":"2019-09-13T13:43:07","modified_gmt":"2019-09-13T13:43:07","slug":"celebracion-de-la-vida-consagrada","status":"publish","type":"post","link":"https:\/\/www.obispadorqta.org.ar\/v3\/celebracion-de-la-vida-consagrada\/","title":{"rendered":"Celebraci\u00f3n de la Vida Consagrada"},"content":{"rendered":"<p style=\"text-align: justify;\"><span style=\"color: #000000;\">El pasado 8 de septiembre, en Argentina, celebramos el D\u00eda de la Vida Consagrada. Es un d\u00eda donde somos invitados a la gratitud y a la oraci\u00f3n por todos aquellos cristianos que han sido llamados a una vida de especial consagraci\u00f3n.<\/span><\/p>\n<p style=\"text-align: justify;\"><span style=\"color: #000000;\">Por tal motivo, <strong>este s\u00e1bado 14 de septiembre a las 10:30 hs.,<\/strong> Mons. \u00c1ngel Jos\u00e9 Mac\u00edn presidir\u00e1 la Eucar\u00edstica en Acci\u00f3n de Gracia por el don de las vocaciones de religiosas y religiosos en nuestra di\u00f3cesis, en el Monasterio Carmelo San Jos\u00e9 de la Comunidad de Hermanas Carmelitas Descalzas, ubicado en calle 38 N\u00ba 1938 del barrio Lanceros del Sauce de Reconquista.<\/span><\/p>\n<p style=\"text-align: justify;\"><span style=\"color: #000000;\">Este d\u00eda de la Vida Consagrada, es una ocasi\u00f3n de celebraci\u00f3n, compromiso y suplica al Se\u00f1or por el don de nuevas vocaciones que renueven el rostro de la Iglesia y del mundo, anunciando la alegr\u00eda del Evangelio y el amor de Dios que da sentido a la existencia.<\/span><\/p>\n","protected":false},"excerpt":{"rendered":"<div class=\"mh-excerpt\"><p>El pasado 8 de septiembre, en Argentina, celebramos el D\u00eda de la Vida Consagrada. Es un d\u00eda donde somos invitados a la gratitud y a <a class=\"mh-excerpt-more\" href=\"https:\/\/www.obispadorqta.org.ar\/v3\/celebracion-de-la-vida-consagrada\/\" title=\"Celebraci\u00f3n de la Vida Consagrada\">[&#8230;]<\/a><\/p>\n<\/div>","protected":false},"author":3,"featured_media":4479,"comment_status":"closed","ping_status":"open","sticky":false,"template":"","format":"standard","meta":{"footnotes":""},"categories":[6,1,28],"tags":[],"class_list":["post-4478","post","type-post","status-publish","format-standard","has-post-thumbnail","hentry","category-news","category-sin-categoria","category-latest-news"],"_links":{"self":[{"href":"https:\/\/www.obispadorqta.org.ar\/v3\/wp-json\/wp\/v2\/posts\/4478","targetHints":{"allow":["GET"]}}],"collection":[{"href":"https:\/\/www.obispadorqta.org.ar\/v3\/wp-json\/wp\/v2\/posts"}],"about":[{"href":"https:\/\/www.obispadorqta.org.ar\/v3\/wp-json\/wp\/v2\/types\/post"}],"author":[{"embeddable":true,"href":"https:\/\/www.obispadorqta.org.ar\/v3\/wp-json\/wp\/v2\/users\/3"}],"replies":[{"embeddable":true,"href":"https:\/\/www.obispadorqta.org.ar\/v3\/wp-json\/wp\/v2\/comments?post=4478"}],"version-history":[{"count":3,"href":"https:\/\/www.obispadorqta.org.ar\/v3\/wp-json\/wp\/v2\/posts\/4478\/revisions"}],"predecessor-version":[{"id":4482,"href":"https:\/\/www.obispadorqta.org.ar\/v3\/wp-json\/wp\/v2\/posts\/4478\/revisions\/4482"}],"wp:featuredmedia":[{"embeddable":true,"href":"https:\/\/www.obispadorqta.org.ar\/v3\/wp-json\/wp\/v2\/media\/4479"}],"wp:attachment":[{"href":"https:\/\/www.obispadorqta.org.ar\/v3\/wp-json\/wp\/v2\/media?parent=4478"}],"wp:term":[{"taxonomy":"category","embeddable":true,"href":"https:\/\/www.obispadorqta.org.ar\/v3\/wp-json\/wp\/v2\/categories?post=4478"},{"taxonomy":"post_tag","embeddable":true,"href":"https:\/\/www.obispadorqta.org.ar\/v3\/wp-json\/wp\/v2\/tags?post=4478"}],"curies":[{"name":"wp","href":"https:\/\/api.w.org\/{rel}","templated":true}]}}