{"id":4487,"date":"2019-09-17T11:58:57","date_gmt":"2019-09-17T11:58:57","guid":{"rendered":"http:\/\/www.obispadorqta.org.ar\/v3\/?p=4487"},"modified":"2019-09-20T11:55:24","modified_gmt":"2019-09-20T11:55:24","slug":"40o-peregrinacion-juvenil-a-itati","status":"publish","type":"post","link":"https:\/\/www.obispadorqta.org.ar\/v3\/40o-peregrinacion-juvenil-a-itati\/","title":{"rendered":"40\u00ba Peregrinaci\u00f3n Juvenil a Itat\u00ed"},"content":{"rendered":"<p style=\"text-align: justify;\"><span style=\"color: #000000;\">Este fin de semana, 20 y 21 de septiembre se llevara a cabo la <strong>40\u00aa edici\u00f3n de la Peregrinaci\u00f3n Juvenil del NEA<\/strong> rumbo a la bas\u00edlica de la Virgen de Itat\u00ed, en esta oportunidad bajo el lema <em>\u201cMadre, bajo tu mirada discernimos nuestra vida\u201d.<\/em><\/span><\/p>\n<p style=\"text-align: justify;\"><span style=\"color: #000000;\">Se espera la participaci\u00f3n de miles de j\u00f3venes de las diez di\u00f3cesis que componen la regi\u00f3n del NEA: Posadas, Iguaz\u00fa, Ober\u00e1, Santo Tom\u00e9, Resistencia, San Roque, Formosa, Reconquista, Corrientes y Goya<\/span><\/p>\n<p style=\"text-align: justify;\"><span style=\"color: #000000;\">Se trata de la 40\u00b0 edici\u00f3n de esta peregrinaci\u00f3n juvenil. Por ese motivo, el Equipo de la Pastoral de Juventud desea darle un marcado tono festivo y, a la vez, recuperar la historia y la m\u00edstica de la convocatoria.<\/span><\/p>\n<p style=\"text-align: justify;\"><span style=\"color: #000000;\">La Di\u00f3cesis de Reconquista comenzar\u00e1 a peregrinar oficialmente a las 12:00 hs del d\u00eda 21 de septiembre desde el\u00a0cors\u00f3dromo Nolo Al\u00edas en vez de la rotonda de la Virgen, luego de la bendici\u00f3n de nuestro Obispo, Mons. \u00c1ngel Jos\u00e9 Mac\u00edn.<\/span><\/p>\n<p style=\"text-align: justify;\"><span style=\"color: #000000;\">La Di\u00f3cesis de Reconquista comenzar\u00e1 a peregrinar oficialmente a las 12:00 hs del d\u00eda 21 de septiembre desde el Cors\u00f3dromo Nolo Al\u00edas en vez de la rotonda de la Virgen, luego de la bendici\u00f3n de nuestro Obispo, Mons. \u00c1ngel Jos\u00e9 Mac\u00edn.<\/span><\/p>\n<p style=\"text-align: justify;\"><span style=\"color: #000000;\">La Misa Central se celebrar\u00e1 en el atrio de la Bas\u00edlica a las 08:00 hs. En la misma los j\u00f3venes propagar\u00e1n el tradicional manifiesto, en el que expresan no s\u00f3lo su mirada de la realidad, sino tambi\u00e9n sus necesidades, angustias y esperanzas; y en el que asumen compromisos para ser ciudadanos protagonistas de la vida de sus comunidades.<\/span><\/p>\n<p style=\"text-align: justify;\"><span style=\"color: #000000;\">Antes de culminar, como es ya tradicional, se entregar\u00e1 a una di\u00f3cesis la imagen peregrina de la Virgen de Itat\u00ed, que cada a\u00f1o visita una de las diez di\u00f3cesis de la regi\u00f3n.<\/span><\/p>\n<p>&nbsp;<\/p>\n<p>https:\/\/www.youtube.com\/watch?v=umdQRvLvehY<\/p>\n<p>&nbsp;<\/p>\n<p>&nbsp;<\/p>\n<p>&nbsp;<\/p>\n<p>&nbsp;<\/p>\n","protected":false},"excerpt":{"rendered":"<div class=\"mh-excerpt\"><p>Este fin de semana, 20 y 21 de septiembre se llevara a cabo la 40\u00aa edici\u00f3n de la Peregrinaci\u00f3n Juvenil del NEA rumbo a la <a class=\"mh-excerpt-more\" href=\"https:\/\/www.obispadorqta.org.ar\/v3\/40o-peregrinacion-juvenil-a-itati\/\" title=\"40\u00ba Peregrinaci\u00f3n Juvenil a Itat\u00ed\">[&#8230;]<\/a><\/p>\n<\/div>","protected":false},"author":3,"featured_media":4497,"comment_status":"closed","ping_status":"open","sticky":false,"template":"","format":"standard","meta":{"footnotes":""},"categories":[6,28],"tags":[],"class_list":["post-4487","post","type-post","status-publish","format-standard","has-post-thumbnail","hentry","category-news","category-latest-news"],"_links":{"self":[{"href":"https:\/\/www.obispadorqta.org.ar\/v3\/wp-json\/wp\/v2\/posts\/4487","targetHints":{"allow":["GET"]}}],"collection":[{"href":"https:\/\/www.obispadorqta.org.ar\/v3\/wp-json\/wp\/v2\/posts"}],"about":[{"href":"https:\/\/www.obispadorqta.org.ar\/v3\/wp-json\/wp\/v2\/types\/post"}],"author":[{"embeddable":true,"href":"https:\/\/www.obispadorqta.org.ar\/v3\/wp-json\/wp\/v2\/users\/3"}],"replies":[{"embeddable":true,"href":"https:\/\/www.obispadorqta.org.ar\/v3\/wp-json\/wp\/v2\/comments?post=4487"}],"version-history":[{"count":5,"href":"https:\/\/www.obispadorqta.org.ar\/v3\/wp-json\/wp\/v2\/posts\/4487\/revisions"}],"predecessor-version":[{"id":4503,"href":"https:\/\/www.obispadorqta.org.ar\/v3\/wp-json\/wp\/v2\/posts\/4487\/revisions\/4503"}],"wp:featuredmedia":[{"embeddable":true,"href":"https:\/\/www.obispadorqta.org.ar\/v3\/wp-json\/wp\/v2\/media\/4497"}],"wp:attachment":[{"href":"https:\/\/www.obispadorqta.org.ar\/v3\/wp-json\/wp\/v2\/media?parent=4487"}],"wp:term":[{"taxonomy":"category","embeddable":true,"href":"https:\/\/www.obispadorqta.org.ar\/v3\/wp-json\/wp\/v2\/categories?post=4487"},{"taxonomy":"post_tag","embeddable":true,"href":"https:\/\/www.obispadorqta.org.ar\/v3\/wp-json\/wp\/v2\/tags?post=4487"}],"curies":[{"name":"wp","href":"https:\/\/api.w.org\/{rel}","templated":true}]}}