{"id":4504,"date":"2019-09-22T20:39:14","date_gmt":"2019-09-22T20:39:14","guid":{"rendered":"http:\/\/www.obispadorqta.org.ar\/v3\/?p=4504"},"modified":"2019-09-22T20:40:49","modified_gmt":"2019-09-22T20:40:49","slug":"asamblea-especial-para-la-region-panamazonica-designacion-monsenor-angel-jose-macin","status":"publish","type":"post","link":"https:\/\/www.obispadorqta.org.ar\/v3\/asamblea-especial-para-la-region-panamazonica-designacion-monsenor-angel-jose-macin\/","title":{"rendered":"Asamblea Especial para la Regi\u00f3n Panamaz\u00f3nica: Designaci\u00f3n Monse\u00f1or \u00c1ngel Jos\u00e9 Mac\u00edn"},"content":{"rendered":"<p style=\"text-align: justify;\">El d\u00eda 21 del corriente, la Secretaria General del S\u00ednodo de los Obispos para la Regi\u00f3n Panamaz\u00f3nica, comunic\u00f3 los participantes para la Asamblea.<\/p>\n<p style=\"text-align: justify;\">A la participaci\u00f3n de Monse\u00f1or Oscar Vicente Ojea, Obispo de San Isidro y Presidente de la Conferencia Episcopal Argentina, miembro del Consejo Pre Sinodal, se le ha sumado la contribuci\u00f3n de Monse\u00f1or Jos\u00e9 \u00c1ngel Mac\u00edn, Obispo de Reconquista y Presidente de la Comisi\u00f3n de Pastoral Aborigen del Episcopado Argentino.<\/p>\n<p style=\"text-align: justify;\">La Asamblea Especial de los Obispos para la Regi\u00f3n Panamaz\u00f3nica, sobre el tema: \u201cAmazon\u00eda: \u201cNuevos Caminos para la Iglesia y para una Ecolog\u00eda Integral\u201d se celebrar\u00e1 entre el 6 de octubre pr\u00f3ximo y el 27 del mes en curso.<\/p>\n<p><img loading=\"lazy\" decoding=\"async\" class=\"wp-image-4506 alignright\" src=\"https:\/\/www.obispadorqta.org.ar\/v3\/wp-content\/uploads\/2019\/09\/descarga.jpg\" alt=\"\" width=\"117\" height=\"117\" srcset=\"https:\/\/www.obispadorqta.org.ar\/v3\/wp-content\/uploads\/2019\/09\/descarga.jpg 225w, https:\/\/www.obispadorqta.org.ar\/v3\/wp-content\/uploads\/2019\/09\/descarga-150x150.jpg 150w\" sizes=\"auto, (max-width: 117px) 100vw, 117px\" \/><\/p>\n<p>&nbsp;<\/p>\n<p>&nbsp;<\/p>\n<p>&nbsp;<\/p>\n<p>&nbsp;<\/p>\n<p style=\"text-align: right;\">Oficina de Prensa y Comunicaci\u00f3n<\/p>\n<p style=\"text-align: right;\">Conferencia Episcopal Argentina<\/p>\n","protected":false},"excerpt":{"rendered":"<div class=\"mh-excerpt\"><p>El d\u00eda 21 del corriente, la Secretaria General del S\u00ednodo de los Obispos para la Regi\u00f3n Panamaz\u00f3nica, comunic\u00f3 los participantes para la Asamblea. A la <a class=\"mh-excerpt-more\" href=\"https:\/\/www.obispadorqta.org.ar\/v3\/asamblea-especial-para-la-region-panamazonica-designacion-monsenor-angel-jose-macin\/\" title=\"Asamblea Especial para la Regi\u00f3n Panamaz\u00f3nica: Designaci\u00f3n Monse\u00f1or \u00c1ngel Jos\u00e9 Mac\u00edn\">[&#8230;]<\/a><\/p>\n<\/div>","protected":false},"author":2,"featured_media":4505,"comment_status":"closed","ping_status":"open","sticky":false,"template":"","format":"standard","meta":{"footnotes":""},"categories":[28],"tags":[],"class_list":["post-4504","post","type-post","status-publish","format-standard","has-post-thumbnail","hentry","category-latest-news"],"_links":{"self":[{"href":"https:\/\/www.obispadorqta.org.ar\/v3\/wp-json\/wp\/v2\/posts\/4504","targetHints":{"allow":["GET"]}}],"collection":[{"href":"https:\/\/www.obispadorqta.org.ar\/v3\/wp-json\/wp\/v2\/posts"}],"about":[{"href":"https:\/\/www.obispadorqta.org.ar\/v3\/wp-json\/wp\/v2\/types\/post"}],"author":[{"embeddable":true,"href":"https:\/\/www.obispadorqta.org.ar\/v3\/wp-json\/wp\/v2\/users\/2"}],"replies":[{"embeddable":true,"href":"https:\/\/www.obispadorqta.org.ar\/v3\/wp-json\/wp\/v2\/comments?post=4504"}],"version-history":[{"count":1,"href":"https:\/\/www.obispadorqta.org.ar\/v3\/wp-json\/wp\/v2\/posts\/4504\/revisions"}],"predecessor-version":[{"id":4507,"href":"https:\/\/www.obispadorqta.org.ar\/v3\/wp-json\/wp\/v2\/posts\/4504\/revisions\/4507"}],"wp:featuredmedia":[{"embeddable":true,"href":"https:\/\/www.obispadorqta.org.ar\/v3\/wp-json\/wp\/v2\/media\/4505"}],"wp:attachment":[{"href":"https:\/\/www.obispadorqta.org.ar\/v3\/wp-json\/wp\/v2\/media?parent=4504"}],"wp:term":[{"taxonomy":"category","embeddable":true,"href":"https:\/\/www.obispadorqta.org.ar\/v3\/wp-json\/wp\/v2\/categories?post=4504"},{"taxonomy":"post_tag","embeddable":true,"href":"https:\/\/www.obispadorqta.org.ar\/v3\/wp-json\/wp\/v2\/tags?post=4504"}],"curies":[{"name":"wp","href":"https:\/\/api.w.org\/{rel}","templated":true}]}}