{"id":4515,"date":"2019-09-26T13:36:22","date_gmt":"2019-09-26T13:36:22","guid":{"rendered":"http:\/\/www.obispadorqta.org.ar\/v3\/?p=4515"},"modified":"2019-09-26T13:44:22","modified_gmt":"2019-09-26T13:44:22","slug":"50-anos-de-las-hermanas-del-sagrado-corazon-en-la-diocesis","status":"publish","type":"post","link":"https:\/\/www.obispadorqta.org.ar\/v3\/50-anos-de-las-hermanas-del-sagrado-corazon-en-la-diocesis\/","title":{"rendered":"50 a\u00f1os Hermanas del Sagrado Coraz\u00f3n en la Di\u00f3cesis"},"content":{"rendered":"<p style=\"text-align: center;\"><strong><em>\u00ab50 a\u00f1os descubriendo y manifestando el amor de Jes\u00fas en la Iglesia Reconquista\u201d<\/em><\/strong><\/p>\n<p style=\"text-align: justify;\">Con una misa que estar\u00e1 presidida por el Obispo, Mons. \u00c1ngel Jos\u00e9 Mac\u00edn, este s\u00e1bado 28 de septiembre en la Capilla \u201cNuestra Se\u00f1ora de Lourdes\u201d del Barrio La Cortada de Reconquista, a las 19.3 se agradecer\u00e1 los 50 a\u00f1os de servicios y entrega de las <strong>Hermanas del Sagrado Coraz\u00f3n de Jes\u00fas<\/strong> en la di\u00f3cesis de Reconquista.<\/p>\n<p>&nbsp;<\/p>\n<p>&nbsp;<\/p>\n","protected":false},"excerpt":{"rendered":"<div class=\"mh-excerpt\"><p>\u00ab50 a\u00f1os descubriendo y manifestando el amor de Jes\u00fas en la Iglesia Reconquista\u201d Con una misa que estar\u00e1 presidida por el Obispo, Mons. \u00c1ngel Jos\u00e9 <a class=\"mh-excerpt-more\" href=\"https:\/\/www.obispadorqta.org.ar\/v3\/50-anos-de-las-hermanas-del-sagrado-corazon-en-la-diocesis\/\" title=\"50 a\u00f1os Hermanas del Sagrado Coraz\u00f3n en la Di\u00f3cesis\">[&#8230;]<\/a><\/p>\n<\/div>","protected":false},"author":2,"featured_media":4522,"comment_status":"closed","ping_status":"open","sticky":false,"template":"","format":"standard","meta":{"footnotes":""},"categories":[6,28],"tags":[],"class_list":["post-4515","post","type-post","status-publish","format-standard","has-post-thumbnail","hentry","category-news","category-latest-news"],"_links":{"self":[{"href":"https:\/\/www.obispadorqta.org.ar\/v3\/wp-json\/wp\/v2\/posts\/4515","targetHints":{"allow":["GET"]}}],"collection":[{"href":"https:\/\/www.obispadorqta.org.ar\/v3\/wp-json\/wp\/v2\/posts"}],"about":[{"href":"https:\/\/www.obispadorqta.org.ar\/v3\/wp-json\/wp\/v2\/types\/post"}],"author":[{"embeddable":true,"href":"https:\/\/www.obispadorqta.org.ar\/v3\/wp-json\/wp\/v2\/users\/2"}],"replies":[{"embeddable":true,"href":"https:\/\/www.obispadorqta.org.ar\/v3\/wp-json\/wp\/v2\/comments?post=4515"}],"version-history":[{"count":4,"href":"https:\/\/www.obispadorqta.org.ar\/v3\/wp-json\/wp\/v2\/posts\/4515\/revisions"}],"predecessor-version":[{"id":4521,"href":"https:\/\/www.obispadorqta.org.ar\/v3\/wp-json\/wp\/v2\/posts\/4515\/revisions\/4521"}],"wp:featuredmedia":[{"embeddable":true,"href":"https:\/\/www.obispadorqta.org.ar\/v3\/wp-json\/wp\/v2\/media\/4522"}],"wp:attachment":[{"href":"https:\/\/www.obispadorqta.org.ar\/v3\/wp-json\/wp\/v2\/media?parent=4515"}],"wp:term":[{"taxonomy":"category","embeddable":true,"href":"https:\/\/www.obispadorqta.org.ar\/v3\/wp-json\/wp\/v2\/categories?post=4515"},{"taxonomy":"post_tag","embeddable":true,"href":"https:\/\/www.obispadorqta.org.ar\/v3\/wp-json\/wp\/v2\/tags?post=4515"}],"curies":[{"name":"wp","href":"https:\/\/api.w.org\/{rel}","templated":true}]}}