{"id":4523,"date":"2019-09-26T14:55:36","date_gmt":"2019-09-26T14:55:36","guid":{"rendered":"http:\/\/www.obispadorqta.org.ar\/v3\/?p=4523"},"modified":"2019-09-26T15:01:10","modified_gmt":"2019-09-26T15:01:10","slug":"asamblea-diocesana-de-pastoral-6","status":"publish","type":"post","link":"https:\/\/www.obispadorqta.org.ar\/v3\/asamblea-diocesana-de-pastoral-6\/","title":{"rendered":"ASAMBLEA DIOCESANA DE PASTORAL"},"content":{"rendered":"<p style=\"text-align: justify;\"><span style=\"color: #000000;\">Con gran alegr\u00eda, el Consejo Diocesano de Pastoral, invita a participar de la <strong>Asamblea Diocesana de Pastoral 2019<\/strong>, que ser\u00e1 este domingo 29 de septiembre, en este caso, se realizar\u00e1 en\u00a0cuatro encuentros simult\u00e1neos en las zonas pastorales de la di\u00f3cesis, de 8.30 a 12.30 o 13 hs, seg\u00fan realidad de cada zona.<\/span><\/p>\n<p style=\"margin: 0cm 0cm 0.0001pt; text-align: justify;\"><span style=\"color: #000000;\"><strong>Zona Norte:<\/strong> <em>Parroquia anfitriona: \u201cInmaculada Concepci\u00f3n\u201d de Villa Ocampo.\u00a0<\/em><\/span><\/p>\n<p style=\"margin: 0cm 0cm 0.0001pt; text-align: justify;\"><span style=\"color: #000000;\"><strong>Participan adem\u00e1s:<\/strong> Parroquia \u201cSanta Ana\u201d de Florencia; Parroquia \u201cNuestra Se\u00f1ora de la Asunci\u00f3n\u201d de Las Toscas; Parroquia \u201cNuestra Se\u00f1ora del Rosario\u201d de Lanteri.<\/span><\/p>\n<p style=\"margin: 0cm 0cm 0.0001pt; text-align: justify;\"><span style=\"color: #000000;\"><strong>Zona Monte:<\/strong> <em>Parroquia anfitriona: \u201cNuestra Se\u00f1ora de Guadalupe\u201d de Intiyaco<\/em>.<\/span><\/p>\n<p style=\"margin: 0cm 0cm 0.0001pt; text-align: justify;\"><span style=\"color: #000000;\"><strong>Participan adem\u00e1s:<\/strong> Parroquia \u201cSagrado Coraz\u00f3n de Jes\u00fas\u201d de Villa Guillermina, Parroquia \u201cSagrado Coraz\u00f3n de Jes\u00fas\u201d de Villa Ana, Parroquia \u201cSagrado Coraz\u00f3n de Jes\u00fas\u201d de La Gallareta y Parroquia \u201cNuestra Se\u00f1ora de Itat\u00ed\u201d de Fort\u00edn Olmos.<\/span><\/p>\n<p style=\"margin: 0cm 0cm 0.0001pt; text-align: justify;\"><span style=\"color: #000000;\"><strong>Zona Centro:<\/strong> <em>Parroquia anfitriona: \u201cLa Encarnaci\u00f3n del Se\u00f1or\u201d de La Sarita.\u00a0<\/em><\/span><\/p>\n<p style=\"margin: 0cm 0cm 0.0001pt; text-align: justify;\"><span style=\"color: #000000;\"><strong>Participan adem\u00e1s:<\/strong> Parroquia \u201cSan Jose\u201d, Parroquia \u201cMar\u00eda Madre de Dios\u201d, Parroquia \u201cInmaculada Concepci\u00f3n\u201d y Parroquia \u201cSan Roque\u201d de Reconquista. Parroquia \u201cNuestra Se\u00f1ora de la Merced\u201d de Avellaneda.<\/span><\/p>\n<p style=\"margin: 0cm 0cm 0.0001pt; text-align: justify;\"><i><\/i><span style=\"color: #000000;\"><strong>En zona Sur:<\/strong> <em>Parroquia anfitriona: Parroquia \u201cSan Juan Bautista\u201d de Vera<\/em><i><\/i><\/span><\/p>\n<p style=\"margin: 0cm 0cm 0.0001pt; text-align: justify;\"><span style=\"color: #000000;\"><strong>Participan adem\u00e1s:<\/strong> Calchaqu\u00ed \u201cParroquia San Luis Gonzaga\u201d; Margarita: \u201cParroquia San Roque\u201d; Alejandra: \u201cParroquia Santa Catalina\u201d; Romang \u201cParroquia Sagrado Coraz\u00f3n de Jes\u00fas\u201d; Malabrigo: \u201cParroquia Nuestra Se\u00f1ora del Huerto\u201d.<\/span><\/p>\n<p>&nbsp;<\/p>\n<p style=\"margin: 0cm 0cm 0.0001pt; text-align: justify;\"><i><\/i><span style=\"color: #000000;\"><strong>El tema central de la Asamblea es la opci\u00f3n por los pobres en nuestras zonas pastorales.<\/strong> El Obispo nos record\u00f3 con insistencia en octubre de 2018 (\u00faltima Asamblea Diocesana de Pastoral), que <em>\u201cel eje principal de toda nuestra pastoral org\u00e1nica est\u00e1 constituido por la b\u00fasqueda de ser una Iglesia pobre para los pobres. El principal motivo de toda nuestra acci\u00f3n pastoral son los pobres. Reconquista tiene que seguir buscando ser una Iglesia pobre para los pobres. A veces lo hemos logrado, otras no tanto. Tenemos que intentarlo. Hay testigos que han vivido y nos dicen con su vida que esto es posible\u201d.<\/em><\/span><\/p>\n<p>&nbsp;<\/p>\n<p style=\"margin: 0cm 0cm 0.0001pt; text-align: justify;\"><span style=\"color: #000000;\">Con este esp\u00edritu y con el coraz\u00f3n renovado, animamos a miembros del Consejo de Pastoral de la parroquias, referentes de las diferentes \u00e1reas vinculadas con la tarea social en la Iglesia, los J\u00f3venes que participan en los \u00e1mbitos y grupos de la parroquias a participar de uno de los acontecimientos mas importantes que expresan la comuni\u00f3n y la animaci\u00f3n del camino pastoral de nuestra di\u00f3cesis.<\/span><\/p>\n<p>&nbsp;<\/p>\n<p>&nbsp;<\/p>\n","protected":false},"excerpt":{"rendered":"<div class=\"mh-excerpt\"><p>Con gran alegr\u00eda, el Consejo Diocesano de Pastoral, invita a participar de la Asamblea Diocesana de Pastoral 2019, que ser\u00e1 este domingo 29 de septiembre, <a class=\"mh-excerpt-more\" href=\"https:\/\/www.obispadorqta.org.ar\/v3\/asamblea-diocesana-de-pastoral-6\/\" title=\"ASAMBLEA DIOCESANA DE PASTORAL\">[&#8230;]<\/a><\/p>\n<\/div>","protected":false},"author":2,"featured_media":1607,"comment_status":"closed","ping_status":"open","sticky":false,"template":"","format":"standard","meta":{"footnotes":""},"categories":[6,28],"tags":[],"class_list":["post-4523","post","type-post","status-publish","format-standard","has-post-thumbnail","hentry","category-news","category-latest-news"],"_links":{"self":[{"href":"https:\/\/www.obispadorqta.org.ar\/v3\/wp-json\/wp\/v2\/posts\/4523","targetHints":{"allow":["GET"]}}],"collection":[{"href":"https:\/\/www.obispadorqta.org.ar\/v3\/wp-json\/wp\/v2\/posts"}],"about":[{"href":"https:\/\/www.obispadorqta.org.ar\/v3\/wp-json\/wp\/v2\/types\/post"}],"author":[{"embeddable":true,"href":"https:\/\/www.obispadorqta.org.ar\/v3\/wp-json\/wp\/v2\/users\/2"}],"replies":[{"embeddable":true,"href":"https:\/\/www.obispadorqta.org.ar\/v3\/wp-json\/wp\/v2\/comments?post=4523"}],"version-history":[{"count":9,"href":"https:\/\/www.obispadorqta.org.ar\/v3\/wp-json\/wp\/v2\/posts\/4523\/revisions"}],"predecessor-version":[{"id":4532,"href":"https:\/\/www.obispadorqta.org.ar\/v3\/wp-json\/wp\/v2\/posts\/4523\/revisions\/4532"}],"wp:featuredmedia":[{"embeddable":true,"href":"https:\/\/www.obispadorqta.org.ar\/v3\/wp-json\/wp\/v2\/media\/1607"}],"wp:attachment":[{"href":"https:\/\/www.obispadorqta.org.ar\/v3\/wp-json\/wp\/v2\/media?parent=4523"}],"wp:term":[{"taxonomy":"category","embeddable":true,"href":"https:\/\/www.obispadorqta.org.ar\/v3\/wp-json\/wp\/v2\/categories?post=4523"},{"taxonomy":"post_tag","embeddable":true,"href":"https:\/\/www.obispadorqta.org.ar\/v3\/wp-json\/wp\/v2\/tags?post=4523"}],"curies":[{"name":"wp","href":"https:\/\/api.w.org\/{rel}","templated":true}]}}