{"id":4536,"date":"2019-10-01T12:39:37","date_gmt":"2019-10-01T12:39:37","guid":{"rendered":"http:\/\/www.obispadorqta.org.ar\/v3\/?p=4536"},"modified":"2019-10-01T13:14:10","modified_gmt":"2019-10-01T13:14:10","slug":"mes-extraordinario-de-las-misiones","status":"publish","type":"post","link":"https:\/\/www.obispadorqta.org.ar\/v3\/mes-extraordinario-de-las-misiones\/","title":{"rendered":"Mes extraordinario de las Misiones."},"content":{"rendered":"<p style=\"text-align: justify;\">En el centenario de la Exhortaci\u00f3n Apost\u00f3lica Maximum illud en que la\u00a0Misi\u00f3n es llamada por Su Santidad Benedicto XV \u201cdeber permanente de la Iglesia\u201d; estamos\u00a0llamados a vivir en comuni\u00f3n el Mes Misionero Extraordinario, bajo el lema \u201cBautizados y\u00a0Enviados. La Iglesia de Cristo en misi\u00f3n en el mundo.\u201d<\/p>\n<p style=\"text-align: justify;\">La Iglesia nos llama hoy a tener memoria de lo que Cristo nos pidi\u00f3 y\u00a0nos pide: Vayan por todo el mundo y anuncien mi Evangelio.\u00a0Convencidos en el alma de que a cada uno de nosotros se dirig\u00eda el\u00a0Se\u00f1or cuando nos envi\u00f3, nos comprometemos hoy, como bautizados, a asumir nuestra\u00a0vocaci\u00f3n de enviados.<\/p>\n<p style=\"text-align: justify;\">En esta Carta Apost\u00f3lica se nos exhorta hoy, como hace cien a\u00f1os:<br \/>\n&#8211; A ser ejemplo de vida cristiana,<br \/>\n&#8211; A vivir en comuni\u00f3n con la Iglesia de Cristo,<br \/>\n&#8211; A rezar incesantemente para que asistidos por su gracia, el Evangelio pueda llegar a\u00a0todos.<br \/>\n&#8211; Y a ser conscientes de la grandeza y responsabilidad del llamado misionero.<\/p>\n<p style=\"text-align: justify;\">Queridos hermanos, la Misi\u00f3n no es algo ajeno a nosotros. El mandato\u00a0de Cristo es para todos, para cada uno de los que estamos aqu\u00ed. Por eso, como Iglesia\u00a0Diocesana, queremos responder a este llamado y vivir con fervor la alegr\u00eda misionera. Sos\u00a0bautizado, entonces perteneces a la Iglesia de Cristo en Misi\u00f3n en el Mundo, que con\u00a0oraci\u00f3n y acci\u00f3n anuncia la esperanza que viene de lo alto.<\/p>\n<p style=\"text-align: justify;\">Por gracia de Dios, conmemoramos hoy a Santa Teresita, Patrona de\u00a0las misiones, que como ella, que deseaba\u00a0fervientemente anunciar la Buena Noticia, tengamos vocaci\u00f3n de ap\u00f3stol y podamos\u00a0confesar cada d\u00eda con las acciones concretas: \u201cmi vocaci\u00f3n en es el amor\u201d. Inspirados en\u00a0ella, que incesantemente busc\u00f3 responder al llamado de Cristo, iniciamos como Di\u00f3cesis este\u00a0Mes Misionero Extraordinario, comprometi\u00e9ndonos a vivir cada d\u00eda seg\u00fan estos principios, a\u00a0rezar continuamente por todos los grupos, familias, y movimientos misioneros de\u00a0Reconquista, y tambi\u00e9n por aquellos que fieles a su fe cristiana, viven la Misi\u00f3n en lo\u00a0cotidiano.<\/p>\n<p style=\"text-align: justify;\">Comisi\u00f3n diocesana de misiones.<\/p>\n<p style=\"text-align: justify;\">Asimismo informamos que en el instagram de la Comisi\u00f3n Diocesana de Misiones podr\u00e1n solicitar subsidios y materiales de este mes misionero extraordinario, para acceder al mismo, haz click <a href=\"https:\/\/www.instagram.com\/misionreco\/\">AQU\u00cd<\/a>.<\/p>\n","protected":false},"excerpt":{"rendered":"<div class=\"mh-excerpt\"><p>En el centenario de la Exhortaci\u00f3n Apost\u00f3lica Maximum illud en que la\u00a0Misi\u00f3n es llamada por Su Santidad Benedicto XV \u201cdeber permanente de la Iglesia\u201d; estamos\u00a0llamados <a class=\"mh-excerpt-more\" href=\"https:\/\/www.obispadorqta.org.ar\/v3\/mes-extraordinario-de-las-misiones\/\" title=\"Mes extraordinario de las Misiones.\">[&#8230;]<\/a><\/p>\n<\/div>","protected":false},"author":2,"featured_media":4542,"comment_status":"closed","ping_status":"open","sticky":false,"template":"","format":"standard","meta":{"footnotes":""},"categories":[28],"tags":[],"class_list":["post-4536","post","type-post","status-publish","format-standard","has-post-thumbnail","hentry","category-latest-news"],"_links":{"self":[{"href":"https:\/\/www.obispadorqta.org.ar\/v3\/wp-json\/wp\/v2\/posts\/4536","targetHints":{"allow":["GET"]}}],"collection":[{"href":"https:\/\/www.obispadorqta.org.ar\/v3\/wp-json\/wp\/v2\/posts"}],"about":[{"href":"https:\/\/www.obispadorqta.org.ar\/v3\/wp-json\/wp\/v2\/types\/post"}],"author":[{"embeddable":true,"href":"https:\/\/www.obispadorqta.org.ar\/v3\/wp-json\/wp\/v2\/users\/2"}],"replies":[{"embeddable":true,"href":"https:\/\/www.obispadorqta.org.ar\/v3\/wp-json\/wp\/v2\/comments?post=4536"}],"version-history":[{"count":1,"href":"https:\/\/www.obispadorqta.org.ar\/v3\/wp-json\/wp\/v2\/posts\/4536\/revisions"}],"predecessor-version":[{"id":4539,"href":"https:\/\/www.obispadorqta.org.ar\/v3\/wp-json\/wp\/v2\/posts\/4536\/revisions\/4539"}],"wp:featuredmedia":[{"embeddable":true,"href":"https:\/\/www.obispadorqta.org.ar\/v3\/wp-json\/wp\/v2\/media\/4542"}],"wp:attachment":[{"href":"https:\/\/www.obispadorqta.org.ar\/v3\/wp-json\/wp\/v2\/media?parent=4536"}],"wp:term":[{"taxonomy":"category","embeddable":true,"href":"https:\/\/www.obispadorqta.org.ar\/v3\/wp-json\/wp\/v2\/categories?post=4536"},{"taxonomy":"post_tag","embeddable":true,"href":"https:\/\/www.obispadorqta.org.ar\/v3\/wp-json\/wp\/v2\/tags?post=4536"}],"curies":[{"name":"wp","href":"https:\/\/api.w.org\/{rel}","templated":true}]}}