{"id":4537,"date":"2019-09-29T13:11:55","date_gmt":"2019-09-29T13:11:55","guid":{"rendered":"http:\/\/www.obispadorqta.org.ar\/v3\/?p=4537"},"modified":"2019-10-01T13:14:17","modified_gmt":"2019-10-01T13:14:17","slug":"retiros-espiritualidad-de-san-ignacio-de-loyala","status":"publish","type":"post","link":"https:\/\/www.obispadorqta.org.ar\/v3\/retiros-espiritualidad-de-san-ignacio-de-loyala\/","title":{"rendered":"Retiros Espiritualidad de San Ignacio de Loyala"},"content":{"rendered":"<p style=\"text-align: center;\"><span style=\"color: #000000;\"><em><strong>\u201cHallar la voluntad de Dios en todas las cosas\u201d<\/strong><\/em><\/span><\/p>\n<p style=\"text-align: justify;\"><span style=\"color: #000000;\">El Comunidad Ignaciana de la Di\u00f3cesis e Reconquista invita a vivir un encuentro con Dios en el silencio de la oraci\u00f3n.<\/span><\/p>\n<p style=\"text-align: justify;\"><span style=\"color: #000000;\">Los Ejercicios Espirituales se realizar\u00e1n los d\u00edas 12, 13 y 14 de octubre en Casa de Itat\u00ed de Avellaneda y estar\u00e1n a cargo del \u00a0S.J. Fernando Albistur.<\/span><\/p>\n<p style=\"text-align: justify;\"><span style=\"color: #000000;\">Contactos: 3482 &#8211; 567043<\/span><\/p>\n","protected":false},"excerpt":{"rendered":"<div class=\"mh-excerpt\"><p>\u201cHallar la voluntad de Dios en todas las cosas\u201d El Comunidad Ignaciana de la Di\u00f3cesis e Reconquista invita a vivir un encuentro con Dios en <a class=\"mh-excerpt-more\" href=\"https:\/\/www.obispadorqta.org.ar\/v3\/retiros-espiritualidad-de-san-ignacio-de-loyala\/\" title=\"Retiros Espiritualidad de San Ignacio de Loyala\">[&#8230;]<\/a><\/p>\n<\/div>","protected":false},"author":3,"featured_media":4543,"comment_status":"closed","ping_status":"open","sticky":false,"template":"","format":"standard","meta":{"footnotes":""},"categories":[6,28],"tags":[],"class_list":["post-4537","post","type-post","status-publish","format-standard","has-post-thumbnail","hentry","category-news","category-latest-news"],"_links":{"self":[{"href":"https:\/\/www.obispadorqta.org.ar\/v3\/wp-json\/wp\/v2\/posts\/4537","targetHints":{"allow":["GET"]}}],"collection":[{"href":"https:\/\/www.obispadorqta.org.ar\/v3\/wp-json\/wp\/v2\/posts"}],"about":[{"href":"https:\/\/www.obispadorqta.org.ar\/v3\/wp-json\/wp\/v2\/types\/post"}],"author":[{"embeddable":true,"href":"https:\/\/www.obispadorqta.org.ar\/v3\/wp-json\/wp\/v2\/users\/3"}],"replies":[{"embeddable":true,"href":"https:\/\/www.obispadorqta.org.ar\/v3\/wp-json\/wp\/v2\/comments?post=4537"}],"version-history":[{"count":1,"href":"https:\/\/www.obispadorqta.org.ar\/v3\/wp-json\/wp\/v2\/posts\/4537\/revisions"}],"predecessor-version":[{"id":4544,"href":"https:\/\/www.obispadorqta.org.ar\/v3\/wp-json\/wp\/v2\/posts\/4537\/revisions\/4544"}],"wp:featuredmedia":[{"embeddable":true,"href":"https:\/\/www.obispadorqta.org.ar\/v3\/wp-json\/wp\/v2\/media\/4543"}],"wp:attachment":[{"href":"https:\/\/www.obispadorqta.org.ar\/v3\/wp-json\/wp\/v2\/media?parent=4537"}],"wp:term":[{"taxonomy":"category","embeddable":true,"href":"https:\/\/www.obispadorqta.org.ar\/v3\/wp-json\/wp\/v2\/categories?post=4537"},{"taxonomy":"post_tag","embeddable":true,"href":"https:\/\/www.obispadorqta.org.ar\/v3\/wp-json\/wp\/v2\/tags?post=4537"}],"curies":[{"name":"wp","href":"https:\/\/api.w.org\/{rel}","templated":true}]}}