{"id":4547,"date":"2019-10-04T14:33:12","date_gmt":"2019-10-04T17:33:12","guid":{"rendered":"http:\/\/www.obispadorqta.org.ar\/v3\/?p=4547"},"modified":"2023-08-22T11:54:47","modified_gmt":"2023-08-22T14:54:47","slug":"saludo-del-obispo","status":"publish","type":"post","link":"https:\/\/www.obispadorqta.org.ar\/v3\/saludo-del-obispo\/","title":{"rendered":"Saludo del Obispo"},"content":{"rendered":"<h5 style=\"text-align: justify;\"><span style=\"color: #000000;\">El Obispo Diocesano, a minutos de partir para el S\u00ednodo, envi\u00f3 el siguiente mensaje:<\/span><\/h5>\n<p style=\"text-align: justify;\"><em><span style=\"color: #000000;\"> \u00abMis queridos hermanos y hermanas de la Di\u00f3cesis de Reconquista: sabiendo que los voy a extra\u00f1ar, parto para Roma para llevar a cabo la misi\u00f3n encomendada por el Santo Padre. Recen por el S\u00ednodo, recen por mi, para que como Iglesia podamos descubrir nuevos caminos para cuidar de nuestra cada com\u00fan, nuestra madre tierra&#8230;les dejo mi afecto y mi bendici\u00f3n\u00bb.<\/span><\/em><\/p>\n<p style=\"text-align: right;\"><span style=\"color: #000000;\">+ Mons. \u00c1ngel Jos\u00e9 Macin<\/span><\/p>\n<p>&nbsp;<\/p>\n<p>&nbsp;<\/p>\n","protected":false},"excerpt":{"rendered":"<div class=\"mh-excerpt\"><p>El Obispo Diocesano, a minutos de partir para el S\u00ednodo, envi\u00f3 el siguiente mensaje: \u00abMis queridos hermanos y hermanas de la Di\u00f3cesis de Reconquista: sabiendo <a class=\"mh-excerpt-more\" href=\"https:\/\/www.obispadorqta.org.ar\/v3\/saludo-del-obispo\/\" title=\"Saludo del Obispo\">[&#8230;]<\/a><\/p>\n<\/div>","protected":false},"author":3,"featured_media":4568,"comment_status":"closed","ping_status":"open","sticky":false,"template":"","format":"standard","meta":{"footnotes":""},"categories":[6,28],"tags":[],"class_list":["post-4547","post","type-post","status-publish","format-standard","has-post-thumbnail","hentry","category-news","category-latest-news"],"_links":{"self":[{"href":"https:\/\/www.obispadorqta.org.ar\/v3\/wp-json\/wp\/v2\/posts\/4547","targetHints":{"allow":["GET"]}}],"collection":[{"href":"https:\/\/www.obispadorqta.org.ar\/v3\/wp-json\/wp\/v2\/posts"}],"about":[{"href":"https:\/\/www.obispadorqta.org.ar\/v3\/wp-json\/wp\/v2\/types\/post"}],"author":[{"embeddable":true,"href":"https:\/\/www.obispadorqta.org.ar\/v3\/wp-json\/wp\/v2\/users\/3"}],"replies":[{"embeddable":true,"href":"https:\/\/www.obispadorqta.org.ar\/v3\/wp-json\/wp\/v2\/comments?post=4547"}],"version-history":[{"count":5,"href":"https:\/\/www.obispadorqta.org.ar\/v3\/wp-json\/wp\/v2\/posts\/4547\/revisions"}],"predecessor-version":[{"id":4557,"href":"https:\/\/www.obispadorqta.org.ar\/v3\/wp-json\/wp\/v2\/posts\/4547\/revisions\/4557"}],"wp:featuredmedia":[{"embeddable":true,"href":"https:\/\/www.obispadorqta.org.ar\/v3\/wp-json\/wp\/v2\/media\/4568"}],"wp:attachment":[{"href":"https:\/\/www.obispadorqta.org.ar\/v3\/wp-json\/wp\/v2\/media?parent=4547"}],"wp:term":[{"taxonomy":"category","embeddable":true,"href":"https:\/\/www.obispadorqta.org.ar\/v3\/wp-json\/wp\/v2\/categories?post=4547"},{"taxonomy":"post_tag","embeddable":true,"href":"https:\/\/www.obispadorqta.org.ar\/v3\/wp-json\/wp\/v2\/tags?post=4547"}],"curies":[{"name":"wp","href":"https:\/\/api.w.org\/{rel}","templated":true}]}}