{"id":4558,"date":"2019-10-08T11:13:56","date_gmt":"2019-10-08T11:13:56","guid":{"rendered":"http:\/\/www.obispadorqta.org.ar\/v3\/?p=4558"},"modified":"2019-10-08T12:56:41","modified_gmt":"2019-10-08T12:56:41","slug":"inicio-del-sinodo","status":"publish","type":"post","link":"https:\/\/www.obispadorqta.org.ar\/v3\/inicio-del-sinodo\/","title":{"rendered":"Inicio del S\u00ednodo"},"content":{"rendered":"<p style=\"text-align: justify;\"><span style=\"color: #000000;\">El domingo 06, con la celebraci\u00f3n eucar\u00edstica en la Bas\u00edlica de San Pedro, el Papa Francisco dio comienzo al<strong> S\u00ednodo para la Amazonia.<\/strong><\/span><\/p>\n<p style=\"text-align: justify;\"><span style=\"color: #000000;\">El lunes 07, con una peregrinaci\u00f3n, portando una canoa como s\u00edmbolo, los padres sinodales caminaron\u00a0 juntos de San Pedro al aula sinodal.<\/span><\/p>\n<p style=\"text-align: justify;\"><span style=\"color: #000000;\">Mons. Mac\u00edn manifest\u00f3 que la experiencia es de mucha comuni\u00f3n y alegr\u00eda, y los debates, apenas comenzados, ponen de manifiesto la seriedad e urgencia de los temas a tratar.<\/span><\/p>\n<p style=\"text-align: justify;\"><span style=\"color: #000000;\">Seguimos orando por este evento de gracia para la Amazonia, para la Iglesia y todo el mundo.<\/span><\/p>\n<p><img loading=\"lazy\" decoding=\"async\" class=\"wp-image-4559 aligncenter\" src=\"https:\/\/www.obispadorqta.org.ar\/v3\/wp-content\/uploads\/2019\/10\/IMG-20191008-WA0000-300x197.jpg\" alt=\"\" width=\"513\" height=\"337\" srcset=\"https:\/\/www.obispadorqta.org.ar\/v3\/wp-content\/uploads\/2019\/10\/IMG-20191008-WA0000-300x197.jpg 300w, https:\/\/www.obispadorqta.org.ar\/v3\/wp-content\/uploads\/2019\/10\/IMG-20191008-WA0000.jpg 400w\" sizes=\"auto, (max-width: 513px) 100vw, 513px\" \/><\/p>\n<p>&nbsp;<\/p>\n<p><img loading=\"lazy\" decoding=\"async\" class=\"wp-image-4563 aligncenter\" src=\"https:\/\/www.obispadorqta.org.ar\/v3\/wp-content\/uploads\/2019\/10\/IMG-20191008-WA0002-300x169.jpg\" alt=\"\" width=\"529\" height=\"298\" srcset=\"https:\/\/www.obispadorqta.org.ar\/v3\/wp-content\/uploads\/2019\/10\/IMG-20191008-WA0002-300x169.jpg 300w, https:\/\/www.obispadorqta.org.ar\/v3\/wp-content\/uploads\/2019\/10\/IMG-20191008-WA0002.jpg 500w\" sizes=\"auto, (max-width: 529px) 100vw, 529px\" \/><\/p>\n<p>&nbsp;<\/p>\n<p>&nbsp;<\/p>\n<p>&nbsp;<\/p>\n<p>&nbsp;<\/p>\n<p>&nbsp;<\/p>\n<p>&nbsp;<\/p>\n<p>&nbsp;<\/p>\n<p>&nbsp;<\/p>\n<p>&nbsp;<\/p>\n","protected":false},"excerpt":{"rendered":"<div class=\"mh-excerpt\"><p>El domingo 06, con la celebraci\u00f3n eucar\u00edstica en la Bas\u00edlica de San Pedro, el Papa Francisco dio comienzo al S\u00ednodo para la Amazonia. El lunes <a class=\"mh-excerpt-more\" href=\"https:\/\/www.obispadorqta.org.ar\/v3\/inicio-del-sinodo\/\" title=\"Inicio del S\u00ednodo\">[&#8230;]<\/a><\/p>\n<\/div>","protected":false},"author":3,"featured_media":4561,"comment_status":"closed","ping_status":"open","sticky":false,"template":"","format":"standard","meta":{"footnotes":""},"categories":[6,28],"tags":[],"class_list":["post-4558","post","type-post","status-publish","format-standard","has-post-thumbnail","hentry","category-news","category-latest-news"],"_links":{"self":[{"href":"https:\/\/www.obispadorqta.org.ar\/v3\/wp-json\/wp\/v2\/posts\/4558","targetHints":{"allow":["GET"]}}],"collection":[{"href":"https:\/\/www.obispadorqta.org.ar\/v3\/wp-json\/wp\/v2\/posts"}],"about":[{"href":"https:\/\/www.obispadorqta.org.ar\/v3\/wp-json\/wp\/v2\/types\/post"}],"author":[{"embeddable":true,"href":"https:\/\/www.obispadorqta.org.ar\/v3\/wp-json\/wp\/v2\/users\/3"}],"replies":[{"embeddable":true,"href":"https:\/\/www.obispadorqta.org.ar\/v3\/wp-json\/wp\/v2\/comments?post=4558"}],"version-history":[{"count":9,"href":"https:\/\/www.obispadorqta.org.ar\/v3\/wp-json\/wp\/v2\/posts\/4558\/revisions"}],"predecessor-version":[{"id":4573,"href":"https:\/\/www.obispadorqta.org.ar\/v3\/wp-json\/wp\/v2\/posts\/4558\/revisions\/4573"}],"wp:featuredmedia":[{"embeddable":true,"href":"https:\/\/www.obispadorqta.org.ar\/v3\/wp-json\/wp\/v2\/media\/4561"}],"wp:attachment":[{"href":"https:\/\/www.obispadorqta.org.ar\/v3\/wp-json\/wp\/v2\/media?parent=4558"}],"wp:term":[{"taxonomy":"category","embeddable":true,"href":"https:\/\/www.obispadorqta.org.ar\/v3\/wp-json\/wp\/v2\/categories?post=4558"},{"taxonomy":"post_tag","embeddable":true,"href":"https:\/\/www.obispadorqta.org.ar\/v3\/wp-json\/wp\/v2\/tags?post=4558"}],"curies":[{"name":"wp","href":"https:\/\/api.w.org\/{rel}","templated":true}]}}